{"id":1197,"date":"2023-07-14T23:32:24","date_gmt":"2023-07-15T02:32:24","guid":{"rendered":"https:\/\/lametro989.com\/?p=1197"},"modified":"2023-07-14T23:32:24","modified_gmt":"2023-07-15T02:32:24","slug":"el-gobierno-logro-un-nuevo-acuerdo-salarial-con-judiciales","status":"publish","type":"post","link":"https:\/\/lametro989.com\/?p=1197","title":{"rendered":"El gobierno logr\u00f3 un nuevo acuerdo salarial con judiciales"},"content":{"rendered":"\n<p>Funcionarios del Ministerio de Planificaci\u00f3n, Econom\u00eda e Infraestructura y representantes del Poder Judicial acordaron este viernes un nuevo aumento que se encuentra por encima de la inflaci\u00f3n y ayudar\u00e1 a \u201ccuidar el poder adquisitivo de ese sector del Estado\u201d, se\u00f1alaron desde la cartera econ\u00f3mica.<\/p>\n\n\n\n<figure class=\"wp-block-image size-large\"><img loading=\"lazy\" decoding=\"async\" width=\"1024\" height=\"682\" src=\"https:\/\/lametro989.com\/wp-content\/uploads\/2023\/07\/imagen-170-1024x682.png\" alt=\"\" class=\"wp-image-1198\" srcset=\"https:\/\/lametro989.com\/wp-content\/uploads\/2023\/07\/imagen-170-1024x682.png 1024w, https:\/\/lametro989.com\/wp-content\/uploads\/2023\/07\/imagen-170-300x200.png 300w, https:\/\/lametro989.com\/wp-content\/uploads\/2023\/07\/imagen-170-768x512.png 768w, https:\/\/lametro989.com\/wp-content\/uploads\/2023\/07\/imagen-170.png 1280w\" sizes=\"auto, (max-width: 1024px) 100vw, 1024px\" \/><\/figure>\n\n\n\n<p>El ministro de Planificaci\u00f3n, Econom\u00eda e Infraestructura, Santiago P\u00e9rez Pons y el subsecretario de Planificaci\u00f3n Econ\u00f3mica, Sebasti\u00e1n Mart\u00ednez, lograron este viernes una nueva propuesta salarial para el mes de julio con representantes de las y los trabajadores judiciales y de funcionarios y jueces de ese poder del Estado.<\/p>\n\n\n\n<p>\u201cDesde nuestro lugar nos comprometemos a ofrecer una recomposici\u00f3n salarial y brindar previsibilidad econ\u00f3mica a todas y todos los trabajadores del Estado\u201d, indic\u00f3 el titular de la cartera econ\u00f3mica chaque\u00f1a, Santiago Perez Pons.<\/p>\n\n\n\n<p>El funcionario asegur\u00f3 que el Gobierno provincial \u201cdestinar\u00e1 siempre los recursos necesarios para cuidar la econom\u00eda de todas las familias de nuestra provincia y tenemos el objetivo de consolidar la recuperaci\u00f3n del salario real de las y los chaque\u00f1os\u201d.<\/p>\n\n\n\n<figure class=\"wp-block-image\"><img decoding=\"async\" src=\"https:\/\/agenciafoco.com.ar\/media\/cache\/quality\/uploads\/noticias\/64b1e04e051ff855546407.jpeg\" alt=\"\"\/><\/figure>\n\n\n\n<p>Vale destacar que el ajuste por revisi\u00f3n es un aumento que se le otorga al Poder Judicial por aplicaci\u00f3n de la Ley 3.424, que se calcula todos los a\u00f1os en los meses de marzo y septiembre, desde 2021. El objetivo de este concepto es equiparar los salarios de jueces con el promedio de la regi\u00f3n NEA (Misiones, Corrientes y Formosa).<\/p>\n\n\n\n<p>En ese contexto el titular de la cartera econ\u00f3mica chaque\u00f1a, Santiago P\u00e9rez Pons, ratific\u00f3 la prioridad del gobierno provincial para llegar a un acuerdo con todos los sectores p\u00fablicos. \u201cEn el marco de las negociaciones que mantenemos con todos los sectores, lo que siempre buscamos es lograr una pol\u00edtica salarial previsible, que el salario le gane a la inflaci\u00f3n y que exista una recuperaci\u00f3n efectiva del poder adquisitivo del sector p\u00fablico provincial\u201d, concluy\u00f3.<\/p>\n","protected":false},"excerpt":{"rendered":"<p>Funcionarios del Ministerio de Planificaci\u00f3n, Econom\u00eda e Infraestructura y representantes del Poder Judicial acordaron este viernes un nuevo aumento que se encuentra por encima de&hellip; <\/p>\n","protected":false},"author":2,"featured_media":1198,"comment_status":"open","ping_status":"open","sticky":false,"template":"","format":"standard","meta":{"footnotes":""},"categories":[9,2],"tags":[],"class_list":["post-1197","post","type-post","status-publish","format-standard","has-post-thumbnail","hentry","category-destacadas","category-provinciales"],"_links":{"self":[{"href":"https:\/\/lametro989.com\/index.php?rest_route=\/wp\/v2\/posts\/1197","targetHints":{"allow":["GET"]}}],"collection":[{"href":"https:\/\/lametro989.com\/index.php?rest_route=\/wp\/v2\/posts"}],"about":[{"href":"https:\/\/lametro989.com\/index.php?rest_route=\/wp\/v2\/types\/post"}],"author":[{"embeddable":true,"href":"https:\/\/lametro989.com\/index.php?rest_route=\/wp\/v2\/users\/2"}],"replies":[{"embeddable":true,"href":"https:\/\/lametro989.com\/index.php?rest_route=%2Fwp%2Fv2%2Fcomments&post=1197"}],"version-history":[{"count":1,"href":"https:\/\/lametro989.com\/index.php?rest_route=\/wp\/v2\/posts\/1197\/revisions"}],"predecessor-version":[{"id":1199,"href":"https:\/\/lametro989.com\/index.php?rest_route=\/wp\/v2\/posts\/1197\/revisions\/1199"}],"wp:featuredmedia":[{"embeddable":true,"href":"https:\/\/lametro989.com\/index.php?rest_route=\/wp\/v2\/media\/1198"}],"wp:attachment":[{"href":"https:\/\/lametro989.com\/index.php?rest_route=%2Fwp%2Fv2%2Fmedia&parent=1197"}],"wp:term":[{"taxonomy":"category","embeddable":true,"href":"https:\/\/lametro989.com\/index.php?rest_route=%2Fwp%2Fv2%2Fcategories&post=1197"},{"taxonomy":"post_tag","embeddable":true,"href":"https:\/\/lametro989.com\/index.php?rest_route=%2Fwp%2Fv2%2Ftags&post=1197"}],"curies":[{"name":"wp","href":"https:\/\/api.w.org\/{rel}","templated":true}]}}