{"id":1200,"date":"2023-07-14T23:35:12","date_gmt":"2023-07-15T02:35:12","guid":{"rendered":"https:\/\/lametro989.com\/?p=1200"},"modified":"2023-07-14T23:35:12","modified_gmt":"2023-07-15T02:35:12","slug":"en-las-brenas-un-centenar-de-pobladores-urbanos-y-rurales-recibieron-titulos-de-propiedad","status":"publish","type":"post","link":"https:\/\/lametro989.com\/?p=1200","title":{"rendered":"En Las Bre\u00f1as, un centenar de pobladores urbanos y rurales recibieron t\u00edtulos de propiedad"},"content":{"rendered":"\n<p>La entrega de t\u00edtulos contribuye al arraigo a la tierra y genera seguridad jur\u00eddica a las familias. Adem\u00e1s, en la localidad, Capitanich verific\u00f3 el avance de obras en el Club Ambalab y recorri\u00f3 la etapa final de obras de iluminaci\u00f3n de la Ruta N\u00b06.<\/p>\n\n\n\n<figure class=\"wp-block-image size-full\"><img loading=\"lazy\" decoding=\"async\" width=\"850\" height=\"550\" src=\"https:\/\/lametro989.com\/wp-content\/uploads\/2023\/07\/imagen-171.png\" alt=\"\" class=\"wp-image-1201\" srcset=\"https:\/\/lametro989.com\/wp-content\/uploads\/2023\/07\/imagen-171.png 850w, https:\/\/lametro989.com\/wp-content\/uploads\/2023\/07\/imagen-171-300x194.png 300w, https:\/\/lametro989.com\/wp-content\/uploads\/2023\/07\/imagen-171-768x497.png 768w\" sizes=\"auto, (max-width: 850px) 100vw, 850px\" \/><\/figure>\n\n\n\n<p>El gobernador Jorge Capitanich visit\u00f3 Las Bre\u00f1as y entreg\u00f3 t\u00edtulos de propiedad rural y de viviendas, recorri\u00f3 la etapa final de obras de iluminaci\u00f3n de la Ruta Provincial N\u00b06 y constat\u00f3 el avance de las obras en el Club Ambalab. Seg\u00fan confirmaron fuentes oficiales, este viernes se entregaron 104 t\u00edtulos de propiedad.&nbsp;<\/p>\n\n\n\n<p>Acompa\u00f1ado por el titular del Instituto Provincial de Desarrollo Urbano y Viviendas (IPDUV), Diego Ar\u00e9valo, el gobernador entreg\u00f3 104 t\u00edtulos de propiedad a familias propietarias que oportunamente recibieron y pagaron sus viviendas.&nbsp;<\/p>\n\n\n\n<p><strong>\u201cEl t\u00edtulo de propiedad es un documento que acredita a una persona como due\u00f1o o propietario de su vivienda, certifica la leg\u00edtima posesi\u00f3n del bien, protegiendo jur\u00eddicamente a su due\u00f1o y generando un legado en la familia\u201d, enfatiz\u00f3 el gobernador.&nbsp;<\/strong><\/p>\n\n\n\n<p>Los t\u00edtulos fueron entregados a familias de los barrios 100 Viviendas, 10 Viviendas, 140 Viviendas, 20 Viviendas, 200 Viviendas, 40 viviendas, 50 Viviendas, 60 Viviendas, 92 Viviendas y Promeba. Algunas familias esperaron m\u00e1s de 35 a\u00f1os por este beneficio.<\/p>\n\n\n\n<p><strong>Capitanich record\u00f3 que en la actual gesti\u00f3n se entregaron m\u00e1s de 6.000 t\u00edtulos de propiedad de viviendas en distintas localidades, y la meta entre 2019-2023 es alcanzar los 12.000.&nbsp;<\/strong><\/p>\n\n\n\n<figure class=\"wp-block-image\"><img decoding=\"async\" src=\"https:\/\/agenciafoco.com.ar\/media\/cache\/quality\/uploads\/noticias\/64b1e49ae1453282129979.jpg\" alt=\"\"\/><\/figure>\n\n\n\n<p>Participaron de la entrega el vocal del IPDUV, Mirko Nikolich, la directora de Medios P\u00fablicos de ECOM Chaco, Guillermina Capitanich y la diputada Nacional Mar\u00eda Luisa Chomiak.<\/p>\n\n\n\n<p><strong>Adem\u00e1s, durante su visita a Las Bre\u00f1as, el gobernador y parte de su gabinete recorrieron importantes obras, entre las que se destaca la iluminaci\u00f3n de Ruta N\u00b0 6, y&nbsp; 52 cuadras de pavimento urbano. Adem\u00e1s, el mandatario valor\u00f3 la refacci\u00f3n integral del oficinal 9 de julio, que pr\u00f3ximamente ser\u00e1 inaugurada, la Escuela 374, la Escuela 1004, la Escuela de Educaci\u00f3n T\u00e9cnica N\u00ba 5, y el Polideportivo.<\/strong><\/p>\n\n\n\n<p>\u201cVamos a hacer una nueva intervenci\u00f3n en la Casa de las Culturas o Centro Cultural\u201d, adelant\u00f3 Capitanich, adem\u00e1s de recordar que ya son 300 las viviendas inauguradas en la localidad durante sus mandatos constitucionales, \u201cy tenemos 40 para iniciar pr\u00f3ximamente\u201d, agreg\u00f3.<\/p>\n\n\n\n<h3 class=\"wp-block-heading\">T\u00edtulos de propiedad rural para fomentar el arraigo<\/h3>\n\n\n\n<p>Previamente, junto a la presidenta del Instituto de Colonizaci\u00f3n, Sheina Waicman, Capitanich entreg\u00f3 21 t\u00edtulos de propiedad rural a familias de productores de distintas localidades \u201ccomo una reparaci\u00f3n hist\u00f3rica con nuestras comunidades, porque sabemos que la tierra es de quien la trabaja\u201d, asegur\u00f3 el mandatario.<\/p>\n\n\n\n<p><strong>Capitanich agradeci\u00f3 especialmente \u201cel esfuerzo que han hecho los productores para producir alimentos\u201d, indic\u00f3 el mandatario en el marco de la entrega que cont\u00f3 con la presencia de intendentes de La Tigra y Corzuela y la secretaria de Municipios, Beatriz Bogado.<\/strong><\/p>\n\n\n\n<figure class=\"wp-block-image\"><img decoding=\"async\" src=\"https:\/\/agenciafoco.com.ar\/media\/cache\/quality\/uploads\/noticias\/64b1e49ae1e46088833179.jpg\" alt=\"\"\/><\/figure>\n\n\n\n<p>\u201cEsto tiene un valor esencial para el desarrollo y el progreso de las comunidades\u201d, ratific\u00f3 el Jefe del Ejecutivo, remarcando que el objetivo es alcanzar los 8 mil t\u00edtulos de propiedad rural.<\/p>\n\n\n\n<p><strong>Cabe destacar que durante los mandatos constitucionales de Capitanich ya fueron entregados cerca de 5800. \u201cEsto significa garantizar seguridad jur\u00eddica y un legado para sus hijos y nietos\u201d, finaliz\u00f3.<\/strong><\/p>\n\n\n\n<h3 class=\"wp-block-heading\">M\u00e1s y mejor infraestructura deportiva<\/h3>\n\n\n\n<p><strong>En la recorrida por el club Ambalab el mandatario destac\u00f3 las obras de cerramiento y tinglados, y adelant\u00f3 que \u201cahora viene el parquet\u201d, remarcando que se trata de \u201cuna obra que va a tener un alto impacto para m\u00e1s de 400 ni\u00f1os, ni\u00f1as, adolescentes j\u00f3venes y adultos que disfrutan de las instalaciones del club\u201d.<\/strong><\/p>\n\n\n\n<p>La cubierta sobre Play\u00f3n Deportivo del Club Ambalab representa una inversi\u00f3n provincial de $52.846.576&nbsp; financiada por el Ministerio de Planificaci\u00f3n, Econom\u00eda e Infraestructura y ejecutada con mano de obra local calificada.&nbsp;<\/p>\n\n\n\n<p>Con esta intervenci\u00f3n, el n\u00facleo sanitario de servicio queda integrado bajo la cubierta, contando tambi\u00e9n con un adecuado sistema de iluminaci\u00f3n y cerramientos laterales parciales.&nbsp;<\/p>\n\n\n\n<p><strong>El objetivo de la obra es brindar las condiciones adecuadas para la pr\u00e1ctica deportiva dentro del club, permitiendo su desarrollo indiferentemente a las condiciones clim\u00e1ticas o el momento del d\u00eda; e impulsando la pr\u00e1ctica de actividades deportivas dentro de la localidad.<\/strong><\/p>\n\n\n\n<figure class=\"wp-block-image\"><img decoding=\"async\" src=\"https:\/\/agenciafoco.com.ar\/media\/cache\/quality\/uploads\/noticias\/64b1e49ae2795368024427.jpg\" alt=\"\"\/><\/figure>\n","protected":false},"excerpt":{"rendered":"<p>La entrega de t\u00edtulos contribuye al arraigo a la tierra y genera seguridad jur\u00eddica a las familias. Adem\u00e1s, en la localidad, Capitanich verific\u00f3 el avance&hellip; <\/p>\n","protected":false},"author":2,"featured_media":1202,"comment_status":"open","ping_status":"open","sticky":false,"template":"","format":"standard","meta":{"footnotes":""},"categories":[2],"tags":[],"class_list":["post-1200","post","type-post","status-publish","format-standard","has-post-thumbnail","hentry","category-provinciales"],"_links":{"self":[{"href":"https:\/\/lametro989.com\/index.php?rest_route=\/wp\/v2\/posts\/1200","targetHints":{"allow":["GET"]}}],"collection":[{"href":"https:\/\/lametro989.com\/index.php?rest_route=\/wp\/v2\/posts"}],"about":[{"href":"https:\/\/lametro989.com\/index.php?rest_route=\/wp\/v2\/types\/post"}],"author":[{"embeddable":true,"href":"https:\/\/lametro989.com\/index.php?rest_route=\/wp\/v2\/users\/2"}],"replies":[{"embeddable":true,"href":"https:\/\/lametro989.com\/index.php?rest_route=%2Fwp%2Fv2%2Fcomments&post=1200"}],"version-history":[{"count":1,"href":"https:\/\/lametro989.com\/index.php?rest_route=\/wp\/v2\/posts\/1200\/revisions"}],"predecessor-version":[{"id":1203,"href":"https:\/\/lametro989.com\/index.php?rest_route=\/wp\/v2\/posts\/1200\/revisions\/1203"}],"wp:featuredmedia":[{"embeddable":true,"href":"https:\/\/lametro989.com\/index.php?rest_route=\/wp\/v2\/media\/1202"}],"wp:attachment":[{"href":"https:\/\/lametro989.com\/index.php?rest_route=%2Fwp%2Fv2%2Fmedia&parent=1200"}],"wp:term":[{"taxonomy":"category","embeddable":true,"href":"https:\/\/lametro989.com\/index.php?rest_route=%2Fwp%2Fv2%2Fcategories&post=1200"},{"taxonomy":"post_tag","embeddable":true,"href":"https:\/\/lametro989.com\/index.php?rest_route=%2Fwp%2Fv2%2Ftags&post=1200"}],"curies":[{"name":"wp","href":"https:\/\/api.w.org\/{rel}","templated":true}]}}