{"id":1204,"date":"2023-07-14T23:38:03","date_gmt":"2023-07-15T02:38:03","guid":{"rendered":"https:\/\/lametro989.com\/?p=1204"},"modified":"2023-07-14T23:38:03","modified_gmt":"2023-07-15T02:38:03","slug":"a-partir-de-ahora-hay-una-guardia-de-salud-mental-para-atender-problemas-personales-amorosos-y-estres-laboral","status":"publish","type":"post","link":"https:\/\/lametro989.com\/?p=1204","title":{"rendered":"A partir de ahora hay una guardia de Salud Mental para atender problemas personales, amorosos y estr\u00e9s laboral"},"content":{"rendered":"\n<p>Si estas atravesando un momento dif\u00edcil Guardia Remota en Salud Mental atiende las 24 horas todo el a\u00f1o, esto es un proyecto del Ministerio de Salud y el Municipio de Barranqueras que se implement\u00f3 para estar a disposici\u00f3n de manera urgente para quienes necesiten apoyo psicol\u00f3gico en un momento duro momento.<\/p>\n\n\n\n<figure class=\"wp-block-image size-full\"><img loading=\"lazy\" decoding=\"async\" width=\"600\" height=\"399\" src=\"https:\/\/lametro989.com\/wp-content\/uploads\/2023\/07\/imagen-173.png\" alt=\"\" class=\"wp-image-1205\" srcset=\"https:\/\/lametro989.com\/wp-content\/uploads\/2023\/07\/imagen-173.png 600w, https:\/\/lametro989.com\/wp-content\/uploads\/2023\/07\/imagen-173-300x200.png 300w\" sizes=\"auto, (max-width: 600px) 100vw, 600px\" \/><\/figure>\n\n\n\n<p>Norte Grande Federal dialog\u00f3 con el coordinador de Salud y Familia, Nicolas Suarez sobre este programa y cont\u00f3: \u201cesta es una iniciativa desde el Ministerio de Salud, espec\u00edficamente con la Direcci\u00f3n Provincial de Salud Mental, en donde hay mucha demanda con el tema de salud mental, todo lo que es con consumo problem\u00e1tico, ataques de p\u00e1nico, angustias\u201d<\/p>\n\n\n\n<p>\u201cSi por ah\u00ed est\u00e1n en sus casas o est\u00e1n en una urgencia grande y dimos estos dos n\u00fameros de tel\u00e9fono que tienen que ver con profesionales del Ministerio de Salud que trabajan de 8 a 20 horas y de 20 horas a 8 de la ma\u00f1ana. As\u00ed que es totalmente completo la jornada de 24 horas\u201d sigui\u00f3.<\/p>\n\n\n\n<p>En cuanto a como es el impacto, de este programa Nicolas cont\u00f3: \u201crealmente nosotros empezamos a viralizar este aviso el d\u00eda de ayer en conjunto con el Ministerio de Salud de la provincia y realmente ya empiezan a consultar m\u00e1s que nada lo que tiene que ver con el horario de la noche. Preguntan mucho por el tema de ataques de p\u00e1nico, tienen por ah\u00ed dudas sobre temas de angustia y realmente est\u00e1n los profesionales para saciar cualquier tipo de duda y contenci\u00f3n\u201d<\/p>\n\n\n\n<p>Y a la vez dej\u00f3 en claro que: \u201cEs para todas las edades, realmente hay un equipo t\u00e9cnico y profesional detr\u00e1s de estos n\u00fameros de tel\u00e9fono que est\u00e1n para no solamente contener sino tambi\u00e9n evaluar la situaci\u00f3n y a la persona\u201d<\/p>\n\n\n\n<p>Por \u00faltimo, el coordinador dijo que: \u201cEs muy buena esta herramienta que brinda el Estado y que se haga cargo tambi\u00e9n de lo que le compete en materia de atenci\u00f3n, hay muchas consultas de las j\u00f3venes m\u00e1s que nada por temas de que cortan con su pareja o tienen alg\u00fan tipo de situaci\u00f3n de consumo y realmente est\u00e1n al tanto de lo que realmente el Gobierno puede brindarle como contenci\u00f3n y que no est\u00e1n solos\u201d finaliz\u00f3 Nicolas Suarez<\/p>\n\n\n\n<p>Los n\u00fameros a comunicarse son los siguientes:<\/p>\n\n\n\n<p><strong>3624618432 de 8 a 20hs.<\/strong><\/p>\n\n\n\n<p><strong>&nbsp;3624814825 de 20 a 8hs.<\/strong><\/p>\n","protected":false},"excerpt":{"rendered":"<p>Si estas atravesando un momento dif\u00edcil Guardia Remota en Salud Mental atiende las 24 horas todo el a\u00f1o, esto es un proyecto del Ministerio de&hellip; <\/p>\n","protected":false},"author":2,"featured_media":1205,"comment_status":"open","ping_status":"open","sticky":false,"template":"","format":"standard","meta":{"footnotes":""},"categories":[5],"tags":[],"class_list":["post-1204","post","type-post","status-publish","format-standard","has-post-thumbnail","hentry","category-politica"],"_links":{"self":[{"href":"https:\/\/lametro989.com\/index.php?rest_route=\/wp\/v2\/posts\/1204","targetHints":{"allow":["GET"]}}],"collection":[{"href":"https:\/\/lametro989.com\/index.php?rest_route=\/wp\/v2\/posts"}],"about":[{"href":"https:\/\/lametro989.com\/index.php?rest_route=\/wp\/v2\/types\/post"}],"author":[{"embeddable":true,"href":"https:\/\/lametro989.com\/index.php?rest_route=\/wp\/v2\/users\/2"}],"replies":[{"embeddable":true,"href":"https:\/\/lametro989.com\/index.php?rest_route=%2Fwp%2Fv2%2Fcomments&post=1204"}],"version-history":[{"count":1,"href":"https:\/\/lametro989.com\/index.php?rest_route=\/wp\/v2\/posts\/1204\/revisions"}],"predecessor-version":[{"id":1206,"href":"https:\/\/lametro989.com\/index.php?rest_route=\/wp\/v2\/posts\/1204\/revisions\/1206"}],"wp:featuredmedia":[{"embeddable":true,"href":"https:\/\/lametro989.com\/index.php?rest_route=\/wp\/v2\/media\/1205"}],"wp:attachment":[{"href":"https:\/\/lametro989.com\/index.php?rest_route=%2Fwp%2Fv2%2Fmedia&parent=1204"}],"wp:term":[{"taxonomy":"category","embeddable":true,"href":"https:\/\/lametro989.com\/index.php?rest_route=%2Fwp%2Fv2%2Fcategories&post=1204"},{"taxonomy":"post_tag","embeddable":true,"href":"https:\/\/lametro989.com\/index.php?rest_route=%2Fwp%2Fv2%2Ftags&post=1204"}],"curies":[{"name":"wp","href":"https:\/\/api.w.org\/{rel}","templated":true}]}}