{"id":1207,"date":"2023-07-14T23:42:10","date_gmt":"2023-07-15T02:42:10","guid":{"rendered":"https:\/\/lametro989.com\/?p=1207"},"modified":"2023-07-14T23:42:10","modified_gmt":"2023-07-15T02:42:10","slug":"fernando-burlando-aseguro-que-con-el-adn-se-cerro-el-circulo-probatorio","status":"publish","type":"post","link":"https:\/\/lametro989.com\/?p=1207","title":{"rendered":"Fernando Burlando asegur\u00f3 que con el ADN se cerr\u00f3 el &#8220;c\u00edrculo probatorio&#8221;"},"content":{"rendered":"\n<p>Tras comprobarse que hab\u00eda sangre de Cecilia Strzyzowski en la casa de los Sena -y en un colch\u00f3n donado tras su desaparici\u00f3n- Fernando Burlando afil\u00f3 su tesis.<\/p>\n\n\n\n<figure class=\"wp-block-image size-full\"><img loading=\"lazy\" decoding=\"async\" width=\"610\" height=\"457\" src=\"https:\/\/lametro989.com\/wp-content\/uploads\/2023\/07\/imagen-174.png\" alt=\"\" class=\"wp-image-1208\" srcset=\"https:\/\/lametro989.com\/wp-content\/uploads\/2023\/07\/imagen-174.png 610w, https:\/\/lametro989.com\/wp-content\/uploads\/2023\/07\/imagen-174-300x225.png 300w\" sizes=\"auto, (max-width: 610px) 100vw, 610px\" \/><\/figure>\n\n\n\n<p>Fernando Burlando afirm\u00f3 este viernes que con los resultados del ADN de la sangre encontrada en la casa de Emerenciano Sena y Marcela Acu\u00f1a <strong>&#8220;se cierra totalmente el c\u00edrculo probatorio&#8221; en el caso de la desaparici\u00f3n y presunto femicidio de Cecilia Strzyzowski<\/strong>, ocurrido el 2 de julio pasado en Resistencia, Chaco.<\/p>\n\n\n\n<p>&#8220;<strong>Esta pericia nos conforma profesionalmente, y aunque era algo que esper\u00e1bamos<\/strong>, hoy cuando se lo inform\u00f3 a Gloria, que es una madre con una fortaleza feroz, volvi\u00f3 a quebrarse y llorar, pero es necesario para ella saber todo y necesita saberlo&#8221;, expres\u00f3 el abogado en declaraciones televisivas.<\/p>\n\n\n\n<p>Los resultados de las pericias recientes &#8220;son muy fuertes&#8221;, asegur\u00f3 el abogado en referencia a la confirmaci\u00f3n de que la sangre encontrada en los muebles de los padres de C\u00e9sar Sena, y en un colch\u00f3n que luego fue donado, era de Cecilia Strzyzowski.<\/p>\n\n\n\n<figure class=\"wp-block-image\"><img decoding=\"async\" src=\"https:\/\/media.minutouno.com\/p\/2189dbc9ae4bc1e62b70564fe80aae9d\/adjuntos\/150\/imagenes\/040\/766\/0040766484\/cecilia-strzyzowski-chacojpg.jpg?2023-06-11-13-03-22\" alt=\"\" title=\"\"\/><\/figure>\n\n\n\n<p>Adem\u00e1s, esta semana se sum\u00f3 el testimonio de la psic\u00f3loga que atend\u00eda a la mujer de 28 a\u00f1os, y la profesional &#8220;habl\u00f3 del enga\u00f1o, que fue la propuesta del viaje al sur que Marcela Acu\u00f1a le realiz\u00f3 a trav\u00e9s de C\u00e9sar&#8221;, se\u00f1al\u00f3 Burlando.<\/p>\n\n\n\n<p>La psic\u00f3loga tambi\u00e9n habl\u00f3 de las circunstancias de violencia de g\u00e9nero previas al femicidio y <a href=\"https:\/\/www.minutouno.com\/c5769770\" target=\"_blank\" rel=\"noreferrer noopener\">del rol de Marcela Acu\u00f1a en los conflictos<\/a> entre C\u00e9sar Sena y Cecilia Strzyzowski.<\/p>\n\n\n\n<p>Strzyzowski, de 28 a\u00f1os, desapareci\u00f3 el 2 de junio pasado tras visitar a sus suegros valija en mano, con la promesa de Acu\u00f1a de que le regalar\u00eda un viaje a Ushuaia para ella y C\u00e9sar Sena.<\/p>\n","protected":false},"excerpt":{"rendered":"<p>Tras comprobarse que hab\u00eda sangre de Cecilia Strzyzowski en la casa de los Sena -y en un colch\u00f3n donado tras su desaparici\u00f3n- Fernando Burlando afil\u00f3&hellip; <\/p>\n","protected":false},"author":2,"featured_media":1208,"comment_status":"open","ping_status":"open","sticky":false,"template":"","format":"standard","meta":{"footnotes":""},"categories":[13],"tags":[],"class_list":["post-1207","post","type-post","status-publish","format-standard","has-post-thumbnail","hentry","category-nacionales"],"_links":{"self":[{"href":"https:\/\/lametro989.com\/index.php?rest_route=\/wp\/v2\/posts\/1207","targetHints":{"allow":["GET"]}}],"collection":[{"href":"https:\/\/lametro989.com\/index.php?rest_route=\/wp\/v2\/posts"}],"about":[{"href":"https:\/\/lametro989.com\/index.php?rest_route=\/wp\/v2\/types\/post"}],"author":[{"embeddable":true,"href":"https:\/\/lametro989.com\/index.php?rest_route=\/wp\/v2\/users\/2"}],"replies":[{"embeddable":true,"href":"https:\/\/lametro989.com\/index.php?rest_route=%2Fwp%2Fv2%2Fcomments&post=1207"}],"version-history":[{"count":1,"href":"https:\/\/lametro989.com\/index.php?rest_route=\/wp\/v2\/posts\/1207\/revisions"}],"predecessor-version":[{"id":1209,"href":"https:\/\/lametro989.com\/index.php?rest_route=\/wp\/v2\/posts\/1207\/revisions\/1209"}],"wp:featuredmedia":[{"embeddable":true,"href":"https:\/\/lametro989.com\/index.php?rest_route=\/wp\/v2\/media\/1208"}],"wp:attachment":[{"href":"https:\/\/lametro989.com\/index.php?rest_route=%2Fwp%2Fv2%2Fmedia&parent=1207"}],"wp:term":[{"taxonomy":"category","embeddable":true,"href":"https:\/\/lametro989.com\/index.php?rest_route=%2Fwp%2Fv2%2Fcategories&post=1207"},{"taxonomy":"post_tag","embeddable":true,"href":"https:\/\/lametro989.com\/index.php?rest_route=%2Fwp%2Fv2%2Ftags&post=1207"}],"curies":[{"name":"wp","href":"https:\/\/api.w.org\/{rel}","templated":true}]}}