{"id":1213,"date":"2023-07-14T23:53:53","date_gmt":"2023-07-15T02:53:53","guid":{"rendered":"https:\/\/lametro989.com\/?p=1213"},"modified":"2023-07-14T23:53:53","modified_gmt":"2023-07-15T02:53:53","slug":"facundo-farias-esta-muy-cerca-de-irse-al-inter-miami-de-lionel-messi","status":"publish","type":"post","link":"https:\/\/lametro989.com\/?p=1213","title":{"rendered":"Facundo Far\u00edas est\u00e1 muy cerca de irse al Inter Miami de Lionel Messi"},"content":{"rendered":"\n<p>El delantero de Col\u00f3n de Santa Fe <strong>Facundo Far\u00edas<\/strong> tiene pr\u00e1cticamente acordado su pase al Inter Miami de Estados Unidos y ser\u00e1 compa\u00f1ero del crack rosarino Lionel Messi, quien revoluciona la ciudad con su presencia y este domingo ser\u00e1 presentado en su flamante club.<\/p>\n\n\n\n<figure class=\"wp-block-image size-large\"><img loading=\"lazy\" decoding=\"async\" width=\"1024\" height=\"730\" src=\"https:\/\/lametro989.com\/wp-content\/uploads\/2023\/07\/imagen-176-1024x730.png\" alt=\"\" class=\"wp-image-1214\" srcset=\"https:\/\/lametro989.com\/wp-content\/uploads\/2023\/07\/imagen-176-1024x730.png 1024w, https:\/\/lametro989.com\/wp-content\/uploads\/2023\/07\/imagen-176-300x214.png 300w, https:\/\/lametro989.com\/wp-content\/uploads\/2023\/07\/imagen-176-768x548.png 768w, https:\/\/lametro989.com\/wp-content\/uploads\/2023\/07\/imagen-176.png 1140w\" sizes=\"auto, (max-width: 1024px) 100vw, 1024px\" \/><\/figure>\n\n\n\n<p>Col\u00f3n e Inter se pusieron de acuerdo en la transferencia del jugador en una suma aproximada a los 5.5 millones de d\u00f3lares, m\u00e1s 2 millones en concepto de objetivos. Adem\u00e1s, la instituci\u00f3n santafesina tendr\u00e1 derecho a cobrar m\u00e1s dinero en una futura venta que supere los 5.5 millones de d\u00f3lares.<\/p>\n\n\n\n<p>Far\u00edas, de 20 a\u00f1os, se sumar\u00e1 al plantel que configura a Messi como la m\u00e1xima figura y ya cuenta con Gerardo &#8216;Tata&#8217; Martino como nuevo entrenador, quien contin\u00faa en la b\u00fasqueda de refuerzos.<\/p>\n\n\n\n<p>Far\u00edas se form\u00f3 en Col\u00f3n donde obtuvo la Copa de la Liga Profesional 2021. Su talento maravill\u00f3 a River y Boca por igual, pero luego de negociaciones frustradas, el joven delantero se qued\u00f3 en el club de sus amores para disputar la Copa Libertadores.<\/p>\n\n\n\n<p>Si bien restan detalles para el cierre de la operaci\u00f3n, Far\u00edas qued\u00f3 al margen de la lista de convocados por N\u00e9stor Gorosito para el partido ante Argentinos Juniors del domingo en el barrio de La Paternal.<\/p>\n","protected":false},"excerpt":{"rendered":"<p>El delantero de Col\u00f3n de Santa Fe Facundo Far\u00edas tiene pr\u00e1cticamente acordado su pase al Inter Miami de Estados Unidos y ser\u00e1 compa\u00f1ero del crack&hellip; <\/p>\n","protected":false},"author":2,"featured_media":1214,"comment_status":"open","ping_status":"open","sticky":false,"template":"","format":"standard","meta":{"footnotes":""},"categories":[10],"tags":[],"class_list":["post-1213","post","type-post","status-publish","format-standard","has-post-thumbnail","hentry","category-deportes"],"_links":{"self":[{"href":"https:\/\/lametro989.com\/index.php?rest_route=\/wp\/v2\/posts\/1213","targetHints":{"allow":["GET"]}}],"collection":[{"href":"https:\/\/lametro989.com\/index.php?rest_route=\/wp\/v2\/posts"}],"about":[{"href":"https:\/\/lametro989.com\/index.php?rest_route=\/wp\/v2\/types\/post"}],"author":[{"embeddable":true,"href":"https:\/\/lametro989.com\/index.php?rest_route=\/wp\/v2\/users\/2"}],"replies":[{"embeddable":true,"href":"https:\/\/lametro989.com\/index.php?rest_route=%2Fwp%2Fv2%2Fcomments&post=1213"}],"version-history":[{"count":1,"href":"https:\/\/lametro989.com\/index.php?rest_route=\/wp\/v2\/posts\/1213\/revisions"}],"predecessor-version":[{"id":1215,"href":"https:\/\/lametro989.com\/index.php?rest_route=\/wp\/v2\/posts\/1213\/revisions\/1215"}],"wp:featuredmedia":[{"embeddable":true,"href":"https:\/\/lametro989.com\/index.php?rest_route=\/wp\/v2\/media\/1214"}],"wp:attachment":[{"href":"https:\/\/lametro989.com\/index.php?rest_route=%2Fwp%2Fv2%2Fmedia&parent=1213"}],"wp:term":[{"taxonomy":"category","embeddable":true,"href":"https:\/\/lametro989.com\/index.php?rest_route=%2Fwp%2Fv2%2Fcategories&post=1213"},{"taxonomy":"post_tag","embeddable":true,"href":"https:\/\/lametro989.com\/index.php?rest_route=%2Fwp%2Fv2%2Ftags&post=1213"}],"curies":[{"name":"wp","href":"https:\/\/api.w.org\/{rel}","templated":true}]}}