{"id":1228,"date":"2023-07-16T22:08:11","date_gmt":"2023-07-17T01:08:11","guid":{"rendered":"https:\/\/lametro989.com\/?p=1228"},"modified":"2023-07-16T22:08:11","modified_gmt":"2023-07-17T01:08:11","slug":"agustin-rossi-firmara-un-compromiso-por-un-debate-electoral-sin-discriminacion","status":"publish","type":"post","link":"https:\/\/lametro989.com\/?p=1228","title":{"rendered":"Agust\u00edn Rossi firmar\u00e1 un &#8220;compromiso por un debate electoral sin discriminaci\u00f3n&#8221;"},"content":{"rendered":"\n<p>El jefe de Gabinete y precandidato a vicepresidente de Uni\u00f3n por la Patria (UxP), Agust\u00edn Rossi, firmar\u00e1 ma\u00f1ana un compromiso por un &#8220;debate electoral sin discriminaci\u00f3n&#8221;, propuesto por el Instituto Nacional contra la Discriminaci\u00f3n, la Xenofobia y el Racismo (Inadi), en donde se respete &#8220;la convivencia demorc\u00e1tica&#8221; durante la campa\u00f1a.<\/p>\n\n\n\n<figure class=\"wp-block-image size-large\"><img loading=\"lazy\" decoding=\"async\" width=\"1024\" height=\"576\" src=\"https:\/\/lametro989.com\/wp-content\/uploads\/2023\/07\/imagen-180-1024x576.png\" alt=\"\" class=\"wp-image-1229\" srcset=\"https:\/\/lametro989.com\/wp-content\/uploads\/2023\/07\/imagen-180-1024x576.png 1024w, https:\/\/lametro989.com\/wp-content\/uploads\/2023\/07\/imagen-180-300x169.png 300w, https:\/\/lametro989.com\/wp-content\/uploads\/2023\/07\/imagen-180-768x432.png 768w, https:\/\/lametro989.com\/wp-content\/uploads\/2023\/07\/imagen-180-1536x864.png 1536w, https:\/\/lametro989.com\/wp-content\/uploads\/2023\/07\/imagen-180.png 1920w\" sizes=\"auto, (max-width: 1024px) 100vw, 1024px\" \/><\/figure>\n\n\n\n<p>Seg\u00fan se inform\u00f3 en un comunicado, la firma se realizar\u00e1 este lunes a las 15.<\/p>\n\n\n\n<p>Inadi convoc\u00f3 a todos los candidatos que compitan en las elecciones a firmar un compromiso &#8220;con el objetivo de promover una campa\u00f1a electoral sin descalificaciones personales o grupales ni en violencia verbal o pol\u00edtica&#8221;.<\/p>\n\n\n\n<p>El viernes pasado, el primer candidato a legislador porte\u00f1o de la lista de Juntos por el Cambio (JxC) que encabeza Jorge Macri para jefe de Gobierno, Franco Rinaldi, renunci\u00f3 tras verse envuelto en un esc\u00e1ndalo por expresiones homof\u00f3bicas y discriminatorias, que gener\u00f3 el repudio de diversos sectores sociales y pol\u00edticos.<\/p>\n\n\n\n<p>La firma que impulsa el Inadi comprometer\u00e1 a los involucrados para que &#8220;erradiquemos del debate electoral todo tipo de estigmatizaci\u00f3n y de discriminaci\u00f3n garantizando un debate de ideas que, respetando la libertad de expresi\u00f3n, se comprometa con la erradicaci\u00f3n de la violencia, la xenofobia y el racismo&#8221;.<\/p>\n\n\n\n<p>Desde el organismo recordaron que al cumplirse este a\u00f1o el 40 aniversario de la recuperaci\u00f3n de la democracia <strong>&#8220;tambi\u00e9n se cumple un nuevo aniversario del pacto que hemos construido tras la experiencia del terrorismo de Estado&#8221; <\/strong>y en este sentido se propone que &#8220;nuestras diferencias se deben zanjar debatiendo, dialogando y mediante elecciones democr\u00e1ticas&#8221;.<\/p>\n\n\n\n<p>Este pacto democr\u00e1tico &#8220;garantiz\u00f3 la libertad de opini\u00f3n en una sociedad democr\u00e1tica, igualitaria y diversa en la que el otro no fuera un enemigo a eliminar y se convirtiera en alguien con quien debatir ideas y confrontar en elecciones democr\u00e1ticas&#8221;, se\u00f1alaron.<\/p>\n\n\n\n<p>Asimismo, Inadi propone a los candidatos &#8220;contribuir a la consolidaci\u00f3n del pacto democr\u00e1tico promoviendo un compromiso que incluya a todos los candidatos y candidatas que este a\u00f1o quieren acceder a la representaci\u00f3n de la voluntad popular&#8221; y enfatiza varios puntos que los firmantes se comprometen a cumplir durante su campa\u00f1a electoral &#8220;para atravesar unas elecciones sin discriminaci\u00f3n&#8221;.<\/p>\n\n\n\n<h3 class=\"wp-block-heading\">Cuatro puntos<\/h3>\n\n\n\n<p>El documento propone cuatro puntos, como evitar emitir discursos que &#8220;procuren promover, incitar o legitimar la discriminaci\u00f3n, la deshumanizaci\u00f3n y\/o la violencia hacia una persona o un grupo de personas&#8221;.<\/p>\n\n\n\n<p>Tambi\u00e9n busca &#8220;promover la plena vigencia del principio de igualdad y no discriminaci\u00f3n&#8221;, as\u00ed como &#8220;reconocer a la inclusi\u00f3n y la democracia como principios fundantes de todo proceso tendiente a garantizar la igualdad&#8221; , adem\u00e1s de &#8220;promover una cultura ciudadana com\u00fan, respetuosa de la diversidad y el pluralismo, inclusiva y democr\u00e1tica a fin de erradicar toda clase de discriminaci\u00f3n&#8221;.<\/p>\n\n\n\n<p><strong><em>Fuente: T\u00e9lam<\/em><\/strong><\/p>\n","protected":false},"excerpt":{"rendered":"<p>El jefe de Gabinete y precandidato a vicepresidente de Uni\u00f3n por la Patria (UxP), Agust\u00edn Rossi, firmar\u00e1 ma\u00f1ana un compromiso por un &#8220;debate electoral sin&hellip; <\/p>\n","protected":false},"author":2,"featured_media":1229,"comment_status":"open","ping_status":"open","sticky":false,"template":"","format":"standard","meta":{"footnotes":""},"categories":[5],"tags":[],"class_list":["post-1228","post","type-post","status-publish","format-standard","has-post-thumbnail","hentry","category-politica"],"_links":{"self":[{"href":"https:\/\/lametro989.com\/index.php?rest_route=\/wp\/v2\/posts\/1228","targetHints":{"allow":["GET"]}}],"collection":[{"href":"https:\/\/lametro989.com\/index.php?rest_route=\/wp\/v2\/posts"}],"about":[{"href":"https:\/\/lametro989.com\/index.php?rest_route=\/wp\/v2\/types\/post"}],"author":[{"embeddable":true,"href":"https:\/\/lametro989.com\/index.php?rest_route=\/wp\/v2\/users\/2"}],"replies":[{"embeddable":true,"href":"https:\/\/lametro989.com\/index.php?rest_route=%2Fwp%2Fv2%2Fcomments&post=1228"}],"version-history":[{"count":1,"href":"https:\/\/lametro989.com\/index.php?rest_route=\/wp\/v2\/posts\/1228\/revisions"}],"predecessor-version":[{"id":1230,"href":"https:\/\/lametro989.com\/index.php?rest_route=\/wp\/v2\/posts\/1228\/revisions\/1230"}],"wp:featuredmedia":[{"embeddable":true,"href":"https:\/\/lametro989.com\/index.php?rest_route=\/wp\/v2\/media\/1229"}],"wp:attachment":[{"href":"https:\/\/lametro989.com\/index.php?rest_route=%2Fwp%2Fv2%2Fmedia&parent=1228"}],"wp:term":[{"taxonomy":"category","embeddable":true,"href":"https:\/\/lametro989.com\/index.php?rest_route=%2Fwp%2Fv2%2Fcategories&post=1228"},{"taxonomy":"post_tag","embeddable":true,"href":"https:\/\/lametro989.com\/index.php?rest_route=%2Fwp%2Fv2%2Ftags&post=1228"}],"curies":[{"name":"wp","href":"https:\/\/api.w.org\/{rel}","templated":true}]}}