{"id":1235,"date":"2023-07-16T22:23:06","date_gmt":"2023-07-17T01:23:06","guid":{"rendered":"https:\/\/lametro989.com\/?p=1235"},"modified":"2023-07-16T22:23:06","modified_gmt":"2023-07-17T01:23:06","slug":"se-realizara-la-maraton-boxistica-en-resistencia-sera-la-nueva-presentacion-de-la-tigresa-acuna","status":"publish","type":"post","link":"https:\/\/lametro989.com\/?p=1235","title":{"rendered":"Se realizar\u00e1 la &#8220;Marat\u00f3n Box\u00edstica&#8221; en Resistencia: ser\u00e1 la nueva presentaci\u00f3n de &#8220;La Tigresa&#8221; Acu\u00f1a"},"content":{"rendered":"\n<p>Con el apoyo de la Fundaci\u00f3n Resistencia Ciudad Solidaria, la semana que viene se realizar\u00e1 la denominada &#8220;Marat\u00f3n Box\u00edstica&#8221; en el Centro de Convenciones del Gala Hotel. <strong>Ser\u00e1 entre el 19 y 21 de julio, desde las 20:30 horas.<\/strong><\/p>\n\n\n\n<figure class=\"wp-block-image size-full\"><img loading=\"lazy\" decoding=\"async\" width=\"850\" height=\"554\" src=\"https:\/\/lametro989.com\/wp-content\/uploads\/2023\/07\/imagen-182.png\" alt=\"\" class=\"wp-image-1236\" srcset=\"https:\/\/lametro989.com\/wp-content\/uploads\/2023\/07\/imagen-182.png 850w, https:\/\/lametro989.com\/wp-content\/uploads\/2023\/07\/imagen-182-300x196.png 300w, https:\/\/lametro989.com\/wp-content\/uploads\/2023\/07\/imagen-182-768x501.png 768w\" sizes=\"auto, (max-width: 850px) 100vw, 850px\" \/><\/figure>\n\n\n\n<p>La velada principal cerrar\u00e1<strong> esta triple jornada con la presentaci\u00f3n de Marcela &#8220;La Tigresa&#8221; Acu\u00f1a, enfrentando a Lucrecia &#8220;La Gringa&#8221; Arrieta.<\/strong> La entrada consistir\u00e1 en un paquete de 24 pa\u00f1ales o una frazada que ser\u00e1n destinados a personas que las necesiten.<\/p>\n\n\n\n<figure class=\"wp-block-image\"><img decoding=\"async\" src=\"https:\/\/www.diariochaco.com\/content\/bucket\/4\/580244w790h977c.jpg.webp\" alt=\"\"\/><figcaption class=\"wp-element-caption\">La Tigresa vs Arrieta<\/figcaption><\/figure>\n\n\n\n<p>Oscar Fern\u00e1ndez, presidente de la Comisi\u00f3n de Box de Resistencia, explic\u00f3 que estas veladas se dividir\u00e1n en tres noches, con la pelea de fondo el viernes 21, <strong>cuando se presente la leyenda del pugilismo femenino del pa\u00eds, enfrentando a Arrieta por el cintur\u00f3n grandeza del Consejo Mundial<\/strong>, en la categor\u00eda supergallo.<div class=\"wrapper\"><article id=\"item\" itemscope=\"itemscope\" itemtype=\"http:\/\/schema.org\/NewsArticle\"><section class=\"body\"><section class=\"content\"><div class=\"main-text\"><p>Previa a esta presentaci\u00f3n, habr\u00e1 dos combates de semifondo.<\/p><p> <\/p><p>Por  su parte, Omar Blanco, organizador del evento, dijo que el mi\u00e9rcoles 19  se presentar\u00e1n boxeadores que compitieron en los Juegos Evita y el  jueves lo har\u00e1n pugilistas amateurs.<\/p><\/div><\/section><\/section><\/article><\/div><\/p>\n","protected":false},"excerpt":{"rendered":"<p>Con el apoyo de la Fundaci\u00f3n Resistencia Ciudad Solidaria, la semana que viene se realizar\u00e1 la denominada &#8220;Marat\u00f3n Box\u00edstica&#8221; en el Centro de Convenciones del&hellip; <\/p>\n","protected":false},"author":2,"featured_media":1236,"comment_status":"open","ping_status":"open","sticky":false,"template":"","format":"standard","meta":{"footnotes":""},"categories":[2],"tags":[],"class_list":["post-1235","post","type-post","status-publish","format-standard","has-post-thumbnail","hentry","category-provinciales"],"_links":{"self":[{"href":"https:\/\/lametro989.com\/index.php?rest_route=\/wp\/v2\/posts\/1235","targetHints":{"allow":["GET"]}}],"collection":[{"href":"https:\/\/lametro989.com\/index.php?rest_route=\/wp\/v2\/posts"}],"about":[{"href":"https:\/\/lametro989.com\/index.php?rest_route=\/wp\/v2\/types\/post"}],"author":[{"embeddable":true,"href":"https:\/\/lametro989.com\/index.php?rest_route=\/wp\/v2\/users\/2"}],"replies":[{"embeddable":true,"href":"https:\/\/lametro989.com\/index.php?rest_route=%2Fwp%2Fv2%2Fcomments&post=1235"}],"version-history":[{"count":1,"href":"https:\/\/lametro989.com\/index.php?rest_route=\/wp\/v2\/posts\/1235\/revisions"}],"predecessor-version":[{"id":1237,"href":"https:\/\/lametro989.com\/index.php?rest_route=\/wp\/v2\/posts\/1235\/revisions\/1237"}],"wp:featuredmedia":[{"embeddable":true,"href":"https:\/\/lametro989.com\/index.php?rest_route=\/wp\/v2\/media\/1236"}],"wp:attachment":[{"href":"https:\/\/lametro989.com\/index.php?rest_route=%2Fwp%2Fv2%2Fmedia&parent=1235"}],"wp:term":[{"taxonomy":"category","embeddable":true,"href":"https:\/\/lametro989.com\/index.php?rest_route=%2Fwp%2Fv2%2Fcategories&post=1235"},{"taxonomy":"post_tag","embeddable":true,"href":"https:\/\/lametro989.com\/index.php?rest_route=%2Fwp%2Fv2%2Ftags&post=1235"}],"curies":[{"name":"wp","href":"https:\/\/api.w.org\/{rel}","templated":true}]}}