{"id":1238,"date":"2023-07-16T22:26:21","date_gmt":"2023-07-17T01:26:21","guid":{"rendered":"https:\/\/lametro989.com\/?p=1238"},"modified":"2023-07-16T22:26:21","modified_gmt":"2023-07-17T01:26:21","slug":"el-pj-chaqueno-comenzo-un-operativo-clamor-pidiendo-la-unidad-de-los-referentes-de-cara-a-las-generales-de-septiembre","status":"publish","type":"post","link":"https:\/\/lametro989.com\/?p=1238","title":{"rendered":"El PJ chaque\u00f1o comenz\u00f3 un &#8220;operativo clamor&#8221; pidiendo la unidad de los referentes de cara a las Generales de septiembre"},"content":{"rendered":"\n<p>Hist\u00f3ricos dirigentes del Partido Justicialista de Chaco se reunieron para pedir que los referentes actuales se vuelvan a juntar dando as\u00ed el primer paso org\u00e1nico en pos de esa demanda que cada vez suena m\u00e1s fuerte. El peronismo prepara un Congreso para fines de julio o principios de agosto.<\/p>\n\n\n\n<figure class=\"wp-block-image size-full\"><img loading=\"lazy\" decoding=\"async\" width=\"850\" height=\"638\" src=\"https:\/\/lametro989.com\/wp-content\/uploads\/2023\/07\/imagen-183.png\" alt=\"\" class=\"wp-image-1239\" srcset=\"https:\/\/lametro989.com\/wp-content\/uploads\/2023\/07\/imagen-183.png 850w, https:\/\/lametro989.com\/wp-content\/uploads\/2023\/07\/imagen-183-300x225.png 300w, https:\/\/lametro989.com\/wp-content\/uploads\/2023\/07\/imagen-183-768x576.png 768w\" sizes=\"auto, (max-width: 850px) 100vw, 850px\" \/><\/figure>\n\n\n\n<p>En la sede central del PJ, hist\u00f3ricos militantes del justicialismo chaque\u00f1o se dieron cita con un objetivo com\u00fan: <strong>reclamar la unidad de los principales referentes del espacio<\/strong> hoy fragmentado en cuatro vertientes representadas por Jorge Milton Capitanich, Gustavo Mart\u00ednez, Juan Carlos Bacileff Ivanoff y Oscar Domingo Peppo.<\/p>\n\n\n\n<p>La solicitud viene tomando fuerza<strong> luego de la derrota en las PASO provinciales del 18 de junio<\/strong>, donde Juntos por el Cambio se impuso con el <strong>42% de los votos<\/strong>, venciendo as\u00ed a las cuatro opciones de corte peronista que se presentaron.<\/p>\n\n\n\n<p>Ante la posibilidad cierta de perder el gobierno es que ahora conocidos dirigentes del espacio decidieron hacer un &#8220;Encuentro de la militancia hist\u00f3rica por la unidad del peronismo&#8221;, del que participaron entre otros el diputado provincial Atlanto Honcheruk, Jorge Belzor Mi\u00f1o, Julio Ren\u00e9 Sotelo y Juan Carlos Goya.<div class=\"wrapper\"><article id=\"item\" itemscope=\"itemscope\" itemtype=\"http:\/\/schema.org\/NewsArticle\"><section class=\"body\"><section class=\"content\"><div class=\"main-text\"><p>Tras el evento, Honcheruk, presidente del bloque justicialista en la C\u00e1mara de Diputados de Chaco, manifest\u00f3 que en la ocasi\u00f3n <strong>&#8220;pedimos  a los compa\u00f1eros Jorge Capitanich, Gustavo Martinez, Oscar Domingo  Peppo y Juan Carlos Bacileff Ivanoff que inicien las conversaciones para  garantizar el triunfo en el Chaco&#8221;.<\/strong><\/p><p> <\/p><p>&#8220;Me toc\u00f3  vivir la derrota de 1991 y no queremos los que conocimos esa situaci\u00f3n  que la vuelva a vivir el pueblo peronista. Pido humildad y dejar la  soberbia de lado para llegar a un acuerdo&#8221;, dijo tambi\u00e9n y agreg\u00f3: <strong>&#8220;Hay que hacer lo imposible para lograr la unidad<\/strong>.  Hasta el 24 de este mes hay tiempo para organizar en t\u00e9rminos  administrativos y pol\u00edticos esta situaci\u00f3n. Reclamamos a la m\u00e1xima  dirigencia a comprometerse y luchar para mantener el gobierno en la  provincia&#8221;.<\/p><p> <\/p><p>Jorge Capitanich, gobernador y presidente del  PJ, fue el candidato peronista que termin\u00f3 mejor parado luego de las  primarias. El Frente Chaque\u00f1o que lidera termin\u00f3 segundo con el <strong>37% de los votos.<\/strong> M\u00e1s atr\u00e1s, <strong>con cerca del 9%<\/strong>,  se ubic\u00f3 Gustavo Mart\u00ednez con el CER y luego aparecen Juan Carlos  Bacileff Ivanoff con el Frente Integrador y Oscar Domingo Peppo con  Unidos por la Gente.<\/p><p> <\/p><p>Hoy  las miradas est\u00e1n puestas en las conversaciones que puedan tener  Capitanich y Mart\u00ednez como principales dirigentes del PJ y hasta algunos  ya se animan a pensar c\u00f3mo podr\u00eda plasmarse alg\u00fan acuerdo.<\/p><p> <\/p><p>&#8220;Capitanich  nunca cierra puertas de conversaci\u00f3n con nadie, no tengo dudas que si  se ha planteado un acercamiento o si se estar\u00eda avanzando en algo  relacionado con eso es porque la apertura Capitanich siempre la ha  tenido. <strong>Me consta, porque lo he vivido muy de cerca, que en la  definici\u00f3n de los cierre de listas antes de las PASO, hasta \u00faltimas  horas se intent\u00f3 buscar ese acuerdo que no se logr\u00f3<\/strong>&#8220;, lanz\u00f3 este s\u00e1bado en di\u00e1logo con radio Independencia el diputado provincial del Frente Chaque\u00f1o, <strong>Nicol\u00e1s Slimel<\/strong>.<\/p><p> <\/p><div class=\" large m_image\" width=\"1595\" height=\"915\"><figure><source media=\"(min-width: 640px)\" type=\"image\/webp\"><\/source><source media=\"(min-width: 300px)\" type=\"image\/webp\"><\/source><source media=\"(min-width: 300px)\"><\/source><img loading=\"lazy\" decoding=\"async\" width=\"790\" height=\"453\" class=\"pic\" src=\"https:\/\/www.diariochaco.com\/content\/bucket\/6\/580226w790h453c.jpg.webp\" alt=\"\"><figcaption>Los dirigentes del PJ reunidos<\/figcaption><\/figure><\/div><p>&#8220;Es  cierto que hay una apertura del peronismo quiz\u00e1s con m\u00e1s experiencia,  con m\u00e1s historia, dirigentes que est\u00e1n intentando llevar adelante esta  movida de poder juntar estas partes m\u00e1s complejas&#8221;, marc\u00f3 tambi\u00e9n  Slimel, que de igual manera aclar\u00f3: &#8220;Estamos abiertos, no s\u00e9 si a  cualquier precio, pero s\u00ed estamos abiertos a la unidad, lo hemos  manifestado siempre&#8221;.<\/p><p> <\/p><p>En este escenario, el PJ est\u00e1  regularizando sus juntas locales en el interior y est\u00e1n asumiendo las  nuevas autoridades en diversos municipios, lo que a la vez sirve para  que candidatos y autoridades provinciales recorran el territorio y  unidades b\u00e1sicas.<\/p><p> <\/p><p>Esperan que la coronaci\u00f3n de este proceso sea con un Congreso Provincial del partido, <strong>que no se realiza hace tiempo.<\/strong>  Lo estiman para el 29 de julio o las primeras semanas de agosto. All\u00ed  se podr\u00e1n tomar definiciones, aunque no necesariamente est\u00e9n atadas a la  discusi\u00f3n de la unidad. Habr\u00e1 que esperar a la concreci\u00f3n de la fecha y  el posterior temario a tocar.<\/p><p> <\/p><p>En el PJ admiten <strong>&#8220;hay un pedido de la dirigencia en general de no jugar el gobierno provincial en internas personales&#8221;<\/strong>, seg\u00fan manifest\u00f3 una fuente partidaria.<\/p><p> <\/p><p>Si  bien ni Capitanich ni Mart\u00ednez se refirieron abiertamente a la  situaci\u00f3n, nadie del entorno de ambos se anima a descartar un futuro  acuerdo, <strong>aunque tampoco nadie se anima a darlo por hecho.<\/strong><\/p><\/div><\/section><\/section><\/article><\/div><ins id=\"div-gpt-ad-1660916837590-0\" target=\"mixed\" class=\"adspace\" data-google-query-id=\"CLGF18LKlIADFaRR3QIdJO0G6g\"><\/ins><\/p>\n","protected":false},"excerpt":{"rendered":"<p>Hist\u00f3ricos dirigentes del Partido Justicialista de Chaco se reunieron para pedir que los referentes actuales se vuelvan a juntar dando as\u00ed el primer paso org\u00e1nico&hellip; <\/p>\n","protected":false},"author":2,"featured_media":1239,"comment_status":"open","ping_status":"open","sticky":false,"template":"","format":"standard","meta":{"footnotes":""},"categories":[9,2],"tags":[],"class_list":["post-1238","post","type-post","status-publish","format-standard","has-post-thumbnail","hentry","category-destacadas","category-provinciales"],"_links":{"self":[{"href":"https:\/\/lametro989.com\/index.php?rest_route=\/wp\/v2\/posts\/1238","targetHints":{"allow":["GET"]}}],"collection":[{"href":"https:\/\/lametro989.com\/index.php?rest_route=\/wp\/v2\/posts"}],"about":[{"href":"https:\/\/lametro989.com\/index.php?rest_route=\/wp\/v2\/types\/post"}],"author":[{"embeddable":true,"href":"https:\/\/lametro989.com\/index.php?rest_route=\/wp\/v2\/users\/2"}],"replies":[{"embeddable":true,"href":"https:\/\/lametro989.com\/index.php?rest_route=%2Fwp%2Fv2%2Fcomments&post=1238"}],"version-history":[{"count":1,"href":"https:\/\/lametro989.com\/index.php?rest_route=\/wp\/v2\/posts\/1238\/revisions"}],"predecessor-version":[{"id":1240,"href":"https:\/\/lametro989.com\/index.php?rest_route=\/wp\/v2\/posts\/1238\/revisions\/1240"}],"wp:featuredmedia":[{"embeddable":true,"href":"https:\/\/lametro989.com\/index.php?rest_route=\/wp\/v2\/media\/1239"}],"wp:attachment":[{"href":"https:\/\/lametro989.com\/index.php?rest_route=%2Fwp%2Fv2%2Fmedia&parent=1238"}],"wp:term":[{"taxonomy":"category","embeddable":true,"href":"https:\/\/lametro989.com\/index.php?rest_route=%2Fwp%2Fv2%2Fcategories&post=1238"},{"taxonomy":"post_tag","embeddable":true,"href":"https:\/\/lametro989.com\/index.php?rest_route=%2Fwp%2Fv2%2Ftags&post=1238"}],"curies":[{"name":"wp","href":"https:\/\/api.w.org\/{rel}","templated":true}]}}