{"id":1241,"date":"2023-07-16T22:29:04","date_gmt":"2023-07-17T01:29:04","guid":{"rendered":"https:\/\/lametro989.com\/?p=1241"},"modified":"2023-07-16T22:29:04","modified_gmt":"2023-07-17T01:29:04","slug":"la-emotiva-despedida-al-joven-que-fue-asesinado-a-los-tiros-a-la-salida-de-un-boliche-te-recordaremos-siempre","status":"publish","type":"post","link":"https:\/\/lametro989.com\/?p=1241","title":{"rendered":"La emotiva despedida al joven que fue asesinado a los tiros a la salida de un boliche: &#8220;Te recordaremos siempre&#8221;"},"content":{"rendered":"\n<p>Jonathan Sotelo de 28 a\u00f1os falleci\u00f3 este domingo en el Hospital Perrando. El joven fue interceptado en la calle Frondizi al 2800 por un grupo de personas quienes efectuaron tiros contra el auto donde \u00e9l se encontraba.\u00a0<\/p>\n\n\n\n<figure class=\"wp-block-image size-full\"><img loading=\"lazy\" decoding=\"async\" width=\"850\" height=\"533\" src=\"https:\/\/lametro989.com\/wp-content\/uploads\/2023\/07\/imagen-184.png\" alt=\"\" class=\"wp-image-1242\" srcset=\"https:\/\/lametro989.com\/wp-content\/uploads\/2023\/07\/imagen-184.png 850w, https:\/\/lametro989.com\/wp-content\/uploads\/2023\/07\/imagen-184-300x188.png 300w, https:\/\/lametro989.com\/wp-content\/uploads\/2023\/07\/imagen-184-768x482.png 768w\" sizes=\"auto, (max-width: 850px) 100vw, 850px\" \/><\/figure>\n\n\n\n<p>La v\u00edctima fue identificada como <strong>Jonathan Sotelo de 28 a\u00f1os<\/strong> y, en ese marco, <strong>familiares y amigos del hombre expresaron su dolor y bronca ante este hecho<\/strong>.&nbsp;<\/p>\n\n\n\n<p>&#8220;Que en paz descanses Milu, dale muchas fuerzas a tu familia y a tu primo, gracias x dar tanto amor siempre a Ambar, te recordaremos siempre&#8221;, expres\u00f3 una familiar de Jonathan.<\/p>\n\n\n\n<p>En ese marco, <strong>amigos de Jonathan<\/strong> compartieron fotos junto a \u00e9l y manifestaron su tristeza por la p\u00e9rdida de su ser querido.<\/p>\n\n\n\n<p>&#8220;<strong>De no creer la noticia, un baj\u00f3n, tantas aventuras juntos. S\u00f3lo quedan recuerdos Milun, te vamos a extra\u00f1ar un mont\u00f3n<\/strong>&#8220;, precis\u00f3 uno de sus amigos.<\/p>\n\n\n\n<figure class=\"wp-block-image\"><img decoding=\"async\" src=\"https:\/\/www.diariochaco.com\/content\/bucket\/1\/580241w790h585c.jpg.webp\" alt=\"\"\/><figcaption class=\"wp-element-caption\">Foto cr\u00e9dito: Facebook.<\/figcaption><\/figure>\n\n\n\n<p>Otro de sus allegados poste\u00f3 lo siguiente: &#8220;<strong>Levantarme y ver esto es de no creer mi rey y ahora se fue el alma de la joda<\/strong>, que triste noticia la p\u2026 madre siempre tan buena onda loco. Fuerzas a la familia y amigos&#8221;.<ins><\/ins><\/p>\n\n\n\n<figure class=\"wp-block-image\"><img decoding=\"async\" src=\"https:\/\/www.diariochaco.com\/content\/bucket\/8\/580238w790h613c.jpg.webp\" alt=\"\"\/><figcaption class=\"wp-element-caption\">Foto cr\u00e9dito: Facebook.<\/figcaption><\/figure>\n\n\n\n<h2 class=\"wp-block-heading\">QU\u00c9 OCURRI\u00d3<\/h2>\n\n\n\n<p>Un grav\u00edsimo hecho ocurri\u00f3 este domingo en la ciudad de Resistencia. Tres j\u00f3venes ingresaron al Hospital Perrando con heridas de arma de fuego y uno de ellos falleci\u00f3. La v\u00edctima fue identificada como Jonathan Sotelo de 28 a\u00f1os.&nbsp;<\/p>\n\n\n\n<p>Seg\u00fan inform\u00f3 la Polic\u00eda del Chaco, todo comenz\u00f3 alrededor de las 7 de la ma\u00f1ana cuando dos autos ingresaron al nosocomio de la capital chaque\u00f1a quienes trasladaban a tres j\u00f3venes con graves heridas.<\/p>\n\n\n\n<p>Desde el Perrando se encargaron de atender a los damnificados. Los m\u00e9dicos diagnosticaron a un joven de 19 a\u00f1os con &#8220;herida de arma de fuego, perdigones en mano izquierda y parte del rostro&#8221;, otro presentaba &#8220;herida de arma de fuego en rostro, estado grave&#8221;, y el \u00faltimo, un hombre de 28 a\u00f1os fue diagnosticado con &#8220;herida de arma de fuego en regi\u00f3n posterior del t\u00f3rax y brazo derecho&#8221;.&nbsp;<\/p>\n\n\n\n<p>De acuerdo a lo informado por las fuentes policiales, el hombre de 28 a\u00f1os ingres\u00f3 a cirug\u00eda debido a su estado y a las 9:30 horas se produjo su deceso.&nbsp;<\/p>\n\n\n\n<p>Seg\u00fan declaraciones de testigos, Sotelo y su grupo salieron de un local bailable porque habr\u00edan tenido inconvenientes con otros sujetos. Tras salir del local, se dirigieron hacia una vivienda pero fueron interceptados por un grupo de personas en la calle Frondizi al 2800 aproximadamente.&nbsp;<\/p>\n\n\n\n<p>En ese sentido, los sospechosos habr\u00edan efectuado disparos contra el auto de los damnificados ocasionando las lesiones de los ocupantes.&nbsp;<\/p>\n\n\n\n<p>Por orden de la fiscal\u00eda penal en turno, se dispuso la aprehensi\u00f3n de dos ciudadanos y fueron notificados en la causa por &#8220;supuesto homicidio&#8221;. En tanto, el cuerpo de la persona fallecida fue derivado hasta el IMCIF y el personal del Gabinete Cient\u00edfico realiz\u00f3 la prueba de dermotest a los detenidos.<\/p>\n","protected":false},"excerpt":{"rendered":"<p>Jonathan Sotelo de 28 a\u00f1os falleci\u00f3 este domingo en el Hospital Perrando. El joven fue interceptado en la calle Frondizi al 2800 por un grupo&hellip; <\/p>\n","protected":false},"author":2,"featured_media":1242,"comment_status":"open","ping_status":"open","sticky":false,"template":"","format":"standard","meta":{"footnotes":""},"categories":[9,2],"tags":[],"class_list":["post-1241","post","type-post","status-publish","format-standard","has-post-thumbnail","hentry","category-destacadas","category-provinciales"],"_links":{"self":[{"href":"https:\/\/lametro989.com\/index.php?rest_route=\/wp\/v2\/posts\/1241","targetHints":{"allow":["GET"]}}],"collection":[{"href":"https:\/\/lametro989.com\/index.php?rest_route=\/wp\/v2\/posts"}],"about":[{"href":"https:\/\/lametro989.com\/index.php?rest_route=\/wp\/v2\/types\/post"}],"author":[{"embeddable":true,"href":"https:\/\/lametro989.com\/index.php?rest_route=\/wp\/v2\/users\/2"}],"replies":[{"embeddable":true,"href":"https:\/\/lametro989.com\/index.php?rest_route=%2Fwp%2Fv2%2Fcomments&post=1241"}],"version-history":[{"count":1,"href":"https:\/\/lametro989.com\/index.php?rest_route=\/wp\/v2\/posts\/1241\/revisions"}],"predecessor-version":[{"id":1243,"href":"https:\/\/lametro989.com\/index.php?rest_route=\/wp\/v2\/posts\/1241\/revisions\/1243"}],"wp:featuredmedia":[{"embeddable":true,"href":"https:\/\/lametro989.com\/index.php?rest_route=\/wp\/v2\/media\/1242"}],"wp:attachment":[{"href":"https:\/\/lametro989.com\/index.php?rest_route=%2Fwp%2Fv2%2Fmedia&parent=1241"}],"wp:term":[{"taxonomy":"category","embeddable":true,"href":"https:\/\/lametro989.com\/index.php?rest_route=%2Fwp%2Fv2%2Fcategories&post=1241"},{"taxonomy":"post_tag","embeddable":true,"href":"https:\/\/lametro989.com\/index.php?rest_route=%2Fwp%2Fv2%2Ftags&post=1241"}],"curies":[{"name":"wp","href":"https:\/\/api.w.org\/{rel}","templated":true}]}}