{"id":1244,"date":"2023-07-16T22:31:36","date_gmt":"2023-07-17T01:31:36","guid":{"rendered":"https:\/\/lametro989.com\/?p=1244"},"modified":"2023-07-16T22:31:36","modified_gmt":"2023-07-17T01:31:36","slug":"lionel-messi-fue-presentado-en-el-inter-miami-en-un-estadio-repleto-van-a-pasar-cosas-muy-lindas","status":"publish","type":"post","link":"https:\/\/lametro989.com\/?p=1244","title":{"rendered":"Lionel Messi fue presentado en el Inter Miami en un estadio repleto: &#8220;Van a pasar cosas muy lindas&#8221;"},"content":{"rendered":"\n<p>Luego de la tormenta que demor\u00f3 el espect\u00e1culo, en el DRV PNK Stadium se realiza la presentaci\u00f3n oficial de Leo y de Sergio Busquets, otra incorporaci\u00f3n de lujo a la franquicia de David Beckham. El evento llamado La Revelaci\u00f3n cuenta con artistas de gran calibre, entre ellos se destacan Abel Pintos, Paulo Londra y Tiago PZK. Si bien no hay confirmaci\u00f3n, se especula que tambi\u00e9n estar\u00e1n Bizarrap y Shakira. <\/p>\n\n\n\n<figure class=\"wp-block-image size-full\"><img loading=\"lazy\" decoding=\"async\" width=\"850\" height=\"501\" src=\"https:\/\/lametro989.com\/wp-content\/uploads\/2023\/07\/imagen-185.png\" alt=\"\" class=\"wp-image-1245\" srcset=\"https:\/\/lametro989.com\/wp-content\/uploads\/2023\/07\/imagen-185.png 850w, https:\/\/lametro989.com\/wp-content\/uploads\/2023\/07\/imagen-185-300x177.png 300w, https:\/\/lametro989.com\/wp-content\/uploads\/2023\/07\/imagen-185-768x453.png 768w\" sizes=\"auto, (max-width: 850px) 100vw, 850px\" \/><\/figure>\n\n\n\n<p>El mejor jugador del mundo declar\u00f3: &#8220;Muchas gracias, buenas noches. Antes que nada, quiero agradecerle a toda la gente de Miami por el recibimiento y el cari\u00f1o desde que llegu\u00e9 a la ciudad. Estoy muy emocionado, muy feliz de estar ac\u00e1&#8221;.<\/p>\n\n\n\n<p>Lionel Messi continu\u00f3: &#8220;Tengo muchas ganas de empezar a entrenar y de competir, de querer ganar y ayudar a que el club siga creciendo. Espero que durante todo este tiempo nos acompa\u00f1en. Mis compa\u00f1eros y yo vamos a dar siempre lo m\u00e1ximo, quiero tambi\u00e9n darles las gracias a ellos por c\u00f3mo me recibieron desde el primer d\u00eda&#8221;. Antes de despedirse, asegur\u00f3 c\u00f3mo se siente: &#8220;Estoy muy feliz de haber venido a esta ciudad con mi familia y de haber elegido este proyecto. No tengo dudas de que vamos a pasarla bien y que van a pasar cosas muy lindas&#8221;.<\/p>\n","protected":false},"excerpt":{"rendered":"<p>Luego de la tormenta que demor\u00f3 el espect\u00e1culo, en el DRV PNK Stadium se realiza la presentaci\u00f3n oficial de Leo y de Sergio Busquets, otra&hellip; <\/p>\n","protected":false},"author":2,"featured_media":1245,"comment_status":"open","ping_status":"open","sticky":false,"template":"","format":"standard","meta":{"footnotes":""},"categories":[10,9],"tags":[],"class_list":["post-1244","post","type-post","status-publish","format-standard","has-post-thumbnail","hentry","category-deportes","category-destacadas"],"_links":{"self":[{"href":"https:\/\/lametro989.com\/index.php?rest_route=\/wp\/v2\/posts\/1244","targetHints":{"allow":["GET"]}}],"collection":[{"href":"https:\/\/lametro989.com\/index.php?rest_route=\/wp\/v2\/posts"}],"about":[{"href":"https:\/\/lametro989.com\/index.php?rest_route=\/wp\/v2\/types\/post"}],"author":[{"embeddable":true,"href":"https:\/\/lametro989.com\/index.php?rest_route=\/wp\/v2\/users\/2"}],"replies":[{"embeddable":true,"href":"https:\/\/lametro989.com\/index.php?rest_route=%2Fwp%2Fv2%2Fcomments&post=1244"}],"version-history":[{"count":1,"href":"https:\/\/lametro989.com\/index.php?rest_route=\/wp\/v2\/posts\/1244\/revisions"}],"predecessor-version":[{"id":1246,"href":"https:\/\/lametro989.com\/index.php?rest_route=\/wp\/v2\/posts\/1244\/revisions\/1246"}],"wp:featuredmedia":[{"embeddable":true,"href":"https:\/\/lametro989.com\/index.php?rest_route=\/wp\/v2\/media\/1245"}],"wp:attachment":[{"href":"https:\/\/lametro989.com\/index.php?rest_route=%2Fwp%2Fv2%2Fmedia&parent=1244"}],"wp:term":[{"taxonomy":"category","embeddable":true,"href":"https:\/\/lametro989.com\/index.php?rest_route=%2Fwp%2Fv2%2Fcategories&post=1244"},{"taxonomy":"post_tag","embeddable":true,"href":"https:\/\/lametro989.com\/index.php?rest_route=%2Fwp%2Fv2%2Ftags&post=1244"}],"curies":[{"name":"wp","href":"https:\/\/api.w.org\/{rel}","templated":true}]}}