{"id":1250,"date":"2023-07-16T22:43:14","date_gmt":"2023-07-17T01:43:14","guid":{"rendered":"https:\/\/lametro989.com\/?p=1250"},"modified":"2023-07-16T22:43:14","modified_gmt":"2023-07-17T01:43:14","slug":"sergio-massa-nos-planteamos-pagarle-al-fmi-y-que-se-vaya-del-pais","status":"publish","type":"post","link":"https:\/\/lametro989.com\/?p=1250","title":{"rendered":"Sergio Massa: &#8220;Nos planteamos pagarle al FMI y que se vaya del pa\u00eds&#8221;"},"content":{"rendered":"\n<p>El ministro de Econom\u00eda y precandidato presidencial de Uni\u00f3n por la Patria, <strong>Sergio Massa,<\/strong> ratific\u00f3 este domingo su intenci\u00f3n de cumplir con los compromisos de pago con el <strong>Fondo Monetario Internacional (FMI)<\/strong>, aunque evit\u00f3 adelantar cu\u00e1ndo lo har\u00e1 y en qu\u00e9 momento viajar\u00e1 una misi\u00f3n t\u00e9cnica del Palacio de Hacienda para cerrar el acuerdo.<\/p>\n\n\n\n<figure class=\"wp-block-image size-large\"><img loading=\"lazy\" decoding=\"async\" width=\"1024\" height=\"683\" src=\"https:\/\/lametro989.com\/wp-content\/uploads\/2023\/07\/imagen-187-1024x683.png\" alt=\"\" class=\"wp-image-1252\" srcset=\"https:\/\/lametro989.com\/wp-content\/uploads\/2023\/07\/imagen-187-1024x683.png 1024w, https:\/\/lametro989.com\/wp-content\/uploads\/2023\/07\/imagen-187-300x200.png 300w, https:\/\/lametro989.com\/wp-content\/uploads\/2023\/07\/imagen-187-768x512.png 768w, https:\/\/lametro989.com\/wp-content\/uploads\/2023\/07\/imagen-187.png 1140w\" sizes=\"auto, (max-width: 1024px) 100vw, 1024px\" \/><\/figure>\n\n\n\n<p>\u201cNo desconozco la realidad, estamos peleando para corregirla, sabiendo que a la <strong>Argentina le dejaron un ancla muy complicada, que es un acuerdo en 2018 con el FMI<\/strong> que nos hizo perder soberan\u00eda\u201d, coment\u00f3 Massa, en una cr\u00edtica al gobierno del expresidente Mauricio Macri.<\/p>\n\n\n\n<p>&#8220;Nos hemos planteado un desaf\u00edo:<strong> discutir de igual a igual, defendiendo nuestra soberan\u00eda, el inter\u00e9s de la Argentina<\/strong>. Pero tambi\u00e9n nos hemos planteado como proyecto de pa\u00eds un desaf\u00edo para los pr\u00f3ximos cuatro a\u00f1os: trabajar en aumentar las exportaciones, en vender el trabajo argentino al mundo, en lograr la propia acumulaci\u00f3n de reservas para pagarle al Fondo de vuelta y que <strong>se vaya de la Argentina\u201d<\/strong>, enfatiz\u00f3 el precandidato presidencial en Pilar, donde inaugur\u00f3 el club <a rel=\"noreferrer noopener\" href=\"https:\/\/www.diariopopular.com.ar\/futbol\/lionel-messi-firmo-su-contrato-inter-miami-y-fue-presentado-las-redes-sociales-n728500\" target=\"_blank\">Lionel Messi<\/a> junto con el intendente Federico Ach\u00e1val.<\/p>\n\n\n\n<p>Asimismo, Massa llam\u00f3 a defender la &#8220;Argentina del trabajo&#8221; para poder pelear por una &#8220;mejor puja distributiva&#8221;, y reiter\u00f3 su advertencia sobre los que quieren &#8220;implosionar todo&#8221;. <strong>&#8220;Defendamos la Argentina del trabajo para poder pelear por una mejor puja distributiva&#8221;<\/strong>, pidi\u00f3 frente a los vecinos de la localidad de Presidente Derqui.<\/p>\n\n\n\n<p>Massa llam\u00f3 &#8220;a reconstruir y arreglar esa casa&#8221; y convoc\u00f3 a ser &#8220;campeones del desarrollo econ\u00f3mico&#8221;. &#8220;Defendamos la Argentina de clubes de barrio como este, porque queremos a nuestros hijos en el club y no en la calle con la droga o a expensa del delito&#8221;, exhort\u00f3.<\/p>\n\n\n\n<figure class=\"wp-block-image\"><img decoding=\"async\" src=\"https:\/\/media.diariopopular.com.ar\/p\/6725634e7f871c33eb50b17ce3789f5e\/adjuntos\/143\/imagenes\/008\/097\/0008097996\/1140x0\/smart\/clubmassa1jpg.jpg\" alt=\"Sergio Massa encabez\u00f3 la inauguraci\u00f3n de un club en la localidad de Presidente Derqui.\" title=\"Sergio Massa encabez\u00f3 la inauguraci\u00f3n de un club en la localidad de Presidente Derqui.\"\/><\/figure>\n\n\n\n<p>Con anterioridad, el ministro de Econom\u00eda hab\u00eda destacado el proyecto de ley para la <strong>creaci\u00f3n de universidades nacionales en territorio bonaerense<\/strong>, entre las que se incluyen la Universidad Nacional de Pilar y otra del Delta, y critic\u00f3 a la oposici\u00f3n porque, dijo, &#8220;aquellos que dicen que los hijos de los trabajadores no llegan a la universidad, que dicen que gastar en la universidad p\u00fablica es un error, <strong>nos van bloqueando la posibilidad de poder avanzar en un sue\u00f1o&#8221;<\/strong>.<\/p>\n\n\n\n<p><strong>&#8220;Los hijos de los trabajadores tambi\u00e9n quieren ir a la universidad<\/strong>, y un modelo de pa\u00eds que incluya tiene que tener universidad p\u00fablica, gratuita, de calidad, inclusiva y con la tecnolog\u00eda dentro del proceso de formaci\u00f3n&#8221;, subray\u00f3.&#8221;Podemos ser campeones del desarrollo econ\u00f3mico, podemos ser campeones de la Patria, del progreso, podemos ser campeones del trabajo todos juntos. <strong>No nos van a dividir, primero la patria, primero la Argentina&#8221;<\/strong>, concluy\u00f3 Massa.<\/p>\n","protected":false},"excerpt":{"rendered":"<p>El ministro de Econom\u00eda y precandidato presidencial de Uni\u00f3n por la Patria, Sergio Massa, ratific\u00f3 este domingo su intenci\u00f3n de cumplir con los compromisos de&hellip; <\/p>\n","protected":false},"author":2,"featured_media":1252,"comment_status":"open","ping_status":"open","sticky":false,"template":"","format":"standard","meta":{"footnotes":""},"categories":[5],"tags":[],"class_list":["post-1250","post","type-post","status-publish","format-standard","has-post-thumbnail","hentry","category-politica"],"_links":{"self":[{"href":"https:\/\/lametro989.com\/index.php?rest_route=\/wp\/v2\/posts\/1250","targetHints":{"allow":["GET"]}}],"collection":[{"href":"https:\/\/lametro989.com\/index.php?rest_route=\/wp\/v2\/posts"}],"about":[{"href":"https:\/\/lametro989.com\/index.php?rest_route=\/wp\/v2\/types\/post"}],"author":[{"embeddable":true,"href":"https:\/\/lametro989.com\/index.php?rest_route=\/wp\/v2\/users\/2"}],"replies":[{"embeddable":true,"href":"https:\/\/lametro989.com\/index.php?rest_route=%2Fwp%2Fv2%2Fcomments&post=1250"}],"version-history":[{"count":1,"href":"https:\/\/lametro989.com\/index.php?rest_route=\/wp\/v2\/posts\/1250\/revisions"}],"predecessor-version":[{"id":1253,"href":"https:\/\/lametro989.com\/index.php?rest_route=\/wp\/v2\/posts\/1250\/revisions\/1253"}],"wp:featuredmedia":[{"embeddable":true,"href":"https:\/\/lametro989.com\/index.php?rest_route=\/wp\/v2\/media\/1252"}],"wp:attachment":[{"href":"https:\/\/lametro989.com\/index.php?rest_route=%2Fwp%2Fv2%2Fmedia&parent=1250"}],"wp:term":[{"taxonomy":"category","embeddable":true,"href":"https:\/\/lametro989.com\/index.php?rest_route=%2Fwp%2Fv2%2Fcategories&post=1250"},{"taxonomy":"post_tag","embeddable":true,"href":"https:\/\/lametro989.com\/index.php?rest_route=%2Fwp%2Fv2%2Ftags&post=1250"}],"curies":[{"name":"wp","href":"https:\/\/api.w.org\/{rel}","templated":true}]}}