{"id":1254,"date":"2023-07-16T22:50:00","date_gmt":"2023-07-17T01:50:00","guid":{"rendered":"https:\/\/lametro989.com\/?p=1254"},"modified":"2023-07-16T22:50:00","modified_gmt":"2023-07-17T01:50:00","slug":"pullaro-arraso-en-santa-fe-le-gano-las-paso-a-losada-y-se-impuso-por-amplia-diferencia-sobre-el-peronismo","status":"publish","type":"post","link":"https:\/\/lametro989.com\/?p=1254","title":{"rendered":"Pullaro arras\u00f3 en Santa Fe: le gan\u00f3 las PASO a Losada y se impuso por amplia diferencia sobre el peronismo"},"content":{"rendered":"\n<p>El candidato de Rodr\u00edguez Larreta gan\u00f3 la interna y JxC se encamina a gobernar uno de los tres distritos electorales m\u00e1s importantes del pa\u00eds.<\/p>\n\n\n\n<figure class=\"wp-block-image size-full\"><img loading=\"lazy\" decoding=\"async\" width=\"850\" height=\"566\" src=\"https:\/\/lametro989.com\/wp-content\/uploads\/2023\/07\/imagen-188.png\" alt=\"\" class=\"wp-image-1255\" srcset=\"https:\/\/lametro989.com\/wp-content\/uploads\/2023\/07\/imagen-188.png 850w, https:\/\/lametro989.com\/wp-content\/uploads\/2023\/07\/imagen-188-300x200.png 300w, https:\/\/lametro989.com\/wp-content\/uploads\/2023\/07\/imagen-188-768x511.png 768w\" sizes=\"auto, (max-width: 850px) 100vw, 850px\" \/><\/figure>\n\n\n\n<p>Este domingo se llevaron a cabo las elecciones PASO en la provincia de Santa Fe.<strong> Las miradas de los principales dirigentes pol\u00edticos del pa\u00eds est\u00e1n puestas en la provincia santafesina<\/strong> ya que es el tercer distrito en importancia en cuanto a cantidad de electores del pa\u00eds.<\/p>\n\n\n\n<p>La jornada electoral comenz\u00f3 a las 8 de la ma\u00f1ana y se extendi\u00f3 hasta las 18 horas. <strong>Seg\u00fan manifestaron desde el Tribunal Electoral la participaci\u00f3n fue baja y creen se debi\u00f3 a las bajas temperaturas que se registraron.<\/strong><\/p>\n\n\n\n<p>Tras el cierre los primeros c\u00f3mputos se dieron a conocer pasadas las 20 horas y siendo las 22 horas hay un total de 25,63% de las mesas escrutadas. <strong>Con este escenario Juntos por el Cambio lleva una considerable ventaja al oficialismo que propuso a Marcelo Lewandoski como principal figura del Frente Juntos Avancemos.<\/strong><\/p>\n\n\n\n<p>Dentro de Juntos por el Cambio la principal contienda electoral<strong> la disputan Maximiliano Pullaro,<\/strong> dirigente radical apoyado por Horacio Rodr\u00edguez Larreta; Carolina Losada, radical del &#8220;Grupo Malbec&#8221; auspiciada por Patricia Bullrich; y M\u00f3nica Fein, exintendenta socialista de Rosario, partido que gobern\u00f3 la provincia hasta 2019.<\/p>\n\n\n\n<p>En la interna de Juntos por el Cambio Pullaro<strong> se impone con el 40,98%, es decir le saca 18,67<\/strong> puntos porcentuales a Carolina Losada, quien se mantiene en segundo lugar con el 22,32%.<\/p>\n\n\n\n<p>&nbsp;Cabe recordar que Omar Perotti, actual gobernador santafesino <strong>decidi\u00f3 no ir por la reelecci\u00f3n e impulsar la candidatura de Marcelo Lewandoski quien se desempe\u00f1a como senador.<\/strong><ins><\/ins><\/p>\n\n\n\n<p>Hasta las 22 horas, <strong>Unidos para Cambiar Santa Fe se mantiene en primer lugar con el 69,97%, a este le sigue el Frente Juntos Avancemos 22,87%<\/strong>, mientras que para completar el podio se encuentra Viva La Libertad con el 2,78%.<\/p>\n\n\n\n<p>La Coalici\u00f3n C\u00edvica-ARI se mantiene con el 2,18%, el Frente de Izquierda y de Trabajadores con el 1,95%, Escucharte con el 1,02% y el Partido Moderano con el 0,34%.<\/p>\n","protected":false},"excerpt":{"rendered":"<p>El candidato de Rodr\u00edguez Larreta gan\u00f3 la interna y JxC se encamina a gobernar uno de los tres distritos electorales m\u00e1s importantes del pa\u00eds. Este&hellip; <\/p>\n","protected":false},"author":2,"featured_media":1255,"comment_status":"open","ping_status":"open","sticky":false,"template":"","format":"standard","meta":{"footnotes":""},"categories":[9,5],"tags":[],"class_list":["post-1254","post","type-post","status-publish","format-standard","has-post-thumbnail","hentry","category-destacadas","category-politica"],"_links":{"self":[{"href":"https:\/\/lametro989.com\/index.php?rest_route=\/wp\/v2\/posts\/1254","targetHints":{"allow":["GET"]}}],"collection":[{"href":"https:\/\/lametro989.com\/index.php?rest_route=\/wp\/v2\/posts"}],"about":[{"href":"https:\/\/lametro989.com\/index.php?rest_route=\/wp\/v2\/types\/post"}],"author":[{"embeddable":true,"href":"https:\/\/lametro989.com\/index.php?rest_route=\/wp\/v2\/users\/2"}],"replies":[{"embeddable":true,"href":"https:\/\/lametro989.com\/index.php?rest_route=%2Fwp%2Fv2%2Fcomments&post=1254"}],"version-history":[{"count":1,"href":"https:\/\/lametro989.com\/index.php?rest_route=\/wp\/v2\/posts\/1254\/revisions"}],"predecessor-version":[{"id":1256,"href":"https:\/\/lametro989.com\/index.php?rest_route=\/wp\/v2\/posts\/1254\/revisions\/1256"}],"wp:featuredmedia":[{"embeddable":true,"href":"https:\/\/lametro989.com\/index.php?rest_route=\/wp\/v2\/media\/1255"}],"wp:attachment":[{"href":"https:\/\/lametro989.com\/index.php?rest_route=%2Fwp%2Fv2%2Fmedia&parent=1254"}],"wp:term":[{"taxonomy":"category","embeddable":true,"href":"https:\/\/lametro989.com\/index.php?rest_route=%2Fwp%2Fv2%2Fcategories&post=1254"},{"taxonomy":"post_tag","embeddable":true,"href":"https:\/\/lametro989.com\/index.php?rest_route=%2Fwp%2Fv2%2Ftags&post=1254"}],"curies":[{"name":"wp","href":"https:\/\/api.w.org\/{rel}","templated":true}]}}