{"id":1258,"date":"2023-07-16T22:52:42","date_gmt":"2023-07-17T01:52:42","guid":{"rendered":"https:\/\/lametro989.com\/?p=1258"},"modified":"2023-07-16T22:57:45","modified_gmt":"2023-07-17T01:57:45","slug":"capitanich-trabajando-junto-al-sector-productivo-vamos-a-tener-una-gran-capacidad-para-hacer-lo-que-falta","status":"publish","type":"post","link":"https:\/\/lametro989.com\/?p=1258","title":{"rendered":"Capitanich: \u201cTrabajando junto al sector productivo, vamos a tener una gran capacidad para hacer lo que falta\u201d"},"content":{"rendered":"\n<p>El gobernador destac\u00f3 el proceso de desarrollo a nivel provincial y puso el foco en las cadenas de valor y la industria como motores para una \u201ctransformaci\u00f3n cualitativa\u201d. Tambi\u00e9n resalt\u00f3 la demanda de recursos humanos calificados y la creaci\u00f3n de empleo en sectores estrat\u00e9gicos.<\/p>\n\n\n\n<figure class=\"wp-block-image size-large\"><img loading=\"lazy\" decoding=\"async\" width=\"1024\" height=\"682\" src=\"https:\/\/lametro989.com\/wp-content\/uploads\/2023\/07\/imagen-189-1024x682.png\" alt=\"\" class=\"wp-image-1259\" srcset=\"https:\/\/lametro989.com\/wp-content\/uploads\/2023\/07\/imagen-189-1024x682.png 1024w, https:\/\/lametro989.com\/wp-content\/uploads\/2023\/07\/imagen-189-300x200.png 300w, https:\/\/lametro989.com\/wp-content\/uploads\/2023\/07\/imagen-189-768x512.png 768w, https:\/\/lametro989.com\/wp-content\/uploads\/2023\/07\/imagen-189-1536x1023.png 1536w, https:\/\/lametro989.com\/wp-content\/uploads\/2023\/07\/imagen-189.png 1600w\" sizes=\"auto, (max-width: 1024px) 100vw, 1024px\" \/><\/figure>\n\n\n\n<p>El gobernador Jorge Capitanich hizo un an\u00e1lisis de las pol\u00edticas para el desarrollo que impulsa su gesti\u00f3n y asegur\u00f3: \u201cJunto con el sector productivo chaque\u00f1o vamos a tener una enorme capacidad para hacer lo que falta\u201d.<\/p>\n\n\n\n<p>El mandatario destac\u00f3 los <strong>logros en materia de industrializaci\u00f3n, fortalecimiento de las cadenas de valor, creaci\u00f3n de empleo privado formal, concreci\u00f3n de obras e infraestructura y capacitaci\u00f3n de recursos humanos calificados<\/strong>, todo puesto al servicio del sector de la producci\u00f3n.<\/p>\n\n\n\n<p>\u201cEstamos asistiendo a un corrimiento estructural en el modelo y del sistema productivo de la provincia y vemos tambi\u00e9n un proceso de transformaci\u00f3n cualitativa\u201d, afirm\u00f3.<\/p>\n\n\n\n<p>El mandatario hizo foco en el <strong>desarrollo del domo agr\u00edcola central y el nodo dorsal del corredor bioce\u00e1nico<\/strong>, a los que ubic\u00f3 como sistemas combinados de agricultura con ganader\u00eda de alta calidad que son \u201cprocesos que deber\u00e1n sumar esquemas integrados en materia de industrializaci\u00f3n en origen\u201d.<\/p>\n\n\n\n<p>\u201cDurante nuestras administraciones vamos a tener <strong>dos puertos<\/strong> (Barranqueras y Las Palmas) en condiciones, <strong>gasoducto, electroducto y todo el sistema de alta, media y baja tensi\u00f3n en materia energ\u00e9tica<\/strong>\u201d, destac\u00f3.<\/p>\n\n\n\n<p>El gobernador mencion\u00f3 los avances en agricultura, ganader\u00eda, distintos sectores fabriles, las distintas cadenas c\u00e1rnicas y las cadenas foresto-industrial, textil, arrocera, metalmec\u00e1nica y la econom\u00eda del conocimiento.<\/p>\n\n\n\n<p>\u201cTodo esto significa un gran proceso de desarrollo que ha vivido la provincia durante estos tiempos; sabemos que siempre falta y que hay que corregir problemas, pero <strong>cuando ya se hizo lo macro, lo micro cuesta menos<\/strong>\u201d, enfatiz\u00f3.<\/p>\n\n\n\n<p>El gobernador se\u00f1al\u00f3 que las conquistas en materia productiva y econ\u00f3mica se complementan con los logros en rutas, pavimento urbano, acceso al agua potable, saneamiento con cloacas, educaci\u00f3n, salud p\u00fablica, seguridad ciudadana y conectividad a trav\u00e9s de la red de fibra \u00f3ptica.<\/p>\n\n\n\n<p>Al respecto, dijo que una mayor actividad e inversiones en el sector productivo se traducen en <strong>incremento de la demanda de recursos humanos calificados<\/strong>, ingenieros, profesiones y trabajadores especializados lo que constituye \u201cun dato objetivo de la realidad\u201d.<\/p>\n\n\n\n<p>Y agreg\u00f3 que ese progreso tambi\u00e9n implica m\u00e1s camiones, m\u00e1s tractores, m\u00e1s herramientas, m\u00e1s trabajo, m\u00e1s trabajadores, m\u00e1s comercios vinculados, tecnolog\u00eda de punta para el desarrollo de los procesos productivos y mecanismos de operaciones.<\/p>\n\n\n\n<h3 class=\"wp-block-heading\">M\u00e1s hect\u00e1reas<\/h3>\n\n\n\n<p>\u201cEn el Chaco hemos incrementado cerca de un mill\u00f3n de hect\u00e1reas entre el 2005 y 2023 en materia de superficie sembrada del agro en forma permanente, per\u00edodo en el que el volumen producido aument\u00f3 de 3 millones a casi 4 millones de toneladas\u201d, remarc\u00f3.<\/p>\n\n\n\n<p>\u201cY es probable que esto se traduzca en un incremento, entre 2030 y 2035, con expansi\u00f3n de la frontera agropecuaria de cerca de 2 millones a 2,5 millones de hect\u00e1reas en forma permanente lo que implicar\u00e1 un salto a entre 7 millones a 10 millones de toneladas\u201d, especific\u00f3.<\/p>\n\n\n\n<p>\u201cEstamos asistiendo a una instancia en la que, con capacidad de financiamiento y en interacci\u00f3n con el sector productivo, vamos a tener una enorme capacidad para hacer lo que hace falta porque es necesario pensar una expansi\u00f3n de la frontera agropecuaria con m\u00e1s producci\u00f3n, con m\u00e1s productividad y mejor capacidad de estructuraci\u00f3n\u201d, finaliz\u00f3.<\/p>\n","protected":false},"excerpt":{"rendered":"<p>El gobernador destac\u00f3 el proceso de desarrollo a nivel provincial y puso el foco en las cadenas de valor y la industria como motores para&hellip; <\/p>\n","protected":false},"author":2,"featured_media":1259,"comment_status":"open","ping_status":"open","sticky":false,"template":"","format":"standard","meta":{"footnotes":""},"categories":[9,2],"tags":[],"class_list":["post-1258","post","type-post","status-publish","format-standard","has-post-thumbnail","hentry","category-destacadas","category-provinciales"],"_links":{"self":[{"href":"https:\/\/lametro989.com\/index.php?rest_route=\/wp\/v2\/posts\/1258","targetHints":{"allow":["GET"]}}],"collection":[{"href":"https:\/\/lametro989.com\/index.php?rest_route=\/wp\/v2\/posts"}],"about":[{"href":"https:\/\/lametro989.com\/index.php?rest_route=\/wp\/v2\/types\/post"}],"author":[{"embeddable":true,"href":"https:\/\/lametro989.com\/index.php?rest_route=\/wp\/v2\/users\/2"}],"replies":[{"embeddable":true,"href":"https:\/\/lametro989.com\/index.php?rest_route=%2Fwp%2Fv2%2Fcomments&post=1258"}],"version-history":[{"count":3,"href":"https:\/\/lametro989.com\/index.php?rest_route=\/wp\/v2\/posts\/1258\/revisions"}],"predecessor-version":[{"id":1262,"href":"https:\/\/lametro989.com\/index.php?rest_route=\/wp\/v2\/posts\/1258\/revisions\/1262"}],"wp:featuredmedia":[{"embeddable":true,"href":"https:\/\/lametro989.com\/index.php?rest_route=\/wp\/v2\/media\/1259"}],"wp:attachment":[{"href":"https:\/\/lametro989.com\/index.php?rest_route=%2Fwp%2Fv2%2Fmedia&parent=1258"}],"wp:term":[{"taxonomy":"category","embeddable":true,"href":"https:\/\/lametro989.com\/index.php?rest_route=%2Fwp%2Fv2%2Fcategories&post=1258"},{"taxonomy":"post_tag","embeddable":true,"href":"https:\/\/lametro989.com\/index.php?rest_route=%2Fwp%2Fv2%2Ftags&post=1258"}],"curies":[{"name":"wp","href":"https:\/\/api.w.org\/{rel}","templated":true}]}}