{"id":1263,"date":"2023-07-16T23:02:13","date_gmt":"2023-07-17T02:02:13","guid":{"rendered":"https:\/\/lametro989.com\/?p=1263"},"modified":"2023-07-16T23:02:13","modified_gmt":"2023-07-17T02:02:13","slug":"gral-san-martin-en-control-secuestran-80-kilos-de-carne-no-apta-para-consumo","status":"publish","type":"post","link":"https:\/\/lametro989.com\/?p=1263","title":{"rendered":"GRAL SAN MART\u00cdN: EN CONTROL SECUESTRAN 80 KILOS DE CARNE NO APTA PARA CONSUMO"},"content":{"rendered":"\n<p><strong>Efectivos realizaban operativo de control en el Camino Vecinal del Paraje San Antonio en Selvas del R\u00edo de Oro, all\u00ed demoraron a tres personas con el producto carneo.<\/strong><\/p>\n\n\n\n<figure class=\"wp-block-image size-full\"><img loading=\"lazy\" decoding=\"async\" width=\"600\" height=\"450\" src=\"https:\/\/lametro989.com\/wp-content\/uploads\/2023\/07\/imagen-190.png\" alt=\"\" class=\"wp-image-1264\" srcset=\"https:\/\/lametro989.com\/wp-content\/uploads\/2023\/07\/imagen-190.png 600w, https:\/\/lametro989.com\/wp-content\/uploads\/2023\/07\/imagen-190-300x225.png 300w\" sizes=\"auto, (max-width: 600px) 100vw, 600px\" \/><\/figure>\n\n\n\n<p>Pasadas las 18 los agentes detuvieron la marcha de dos veh\u00edculos, un Volkswagen Gold Trend color rojo y una Toyota Hilux color Gris.<\/p>\n\n\n\n<p>R\u00e1pidamente al entrevistarse con los ocupantes de los rodados, dos hombres de 34 y uno de 18, los uniformados pudieron constatar que los mismos trasladaban un animal vacuno faenado.<\/p>\n\n\n\n<p>Ante esto el personal solicit\u00f3 la correspondiente documentaci\u00f3n, y estas personas manifestaron no poseer permiso de faena, por lo que se secuestr\u00f3 la totalidad de la carne vacuna como as\u00ed tambi\u00e9n un cerdo de 10 kilos.<\/p>\n\n\n\n<p>Finalmente, los tres masculinos fueron notificados de una \u201cSupuesta Infracci\u00f3n a la Ley Provincial de Carnes N\u00b0 3794\u201d, en tanto que lo secuestrado fue sometido a una inmediata incineraci\u00f3n<\/p>\n","protected":false},"excerpt":{"rendered":"<p>Efectivos realizaban operativo de control en el Camino Vecinal del Paraje San Antonio en Selvas del R\u00edo de Oro, all\u00ed demoraron a tres personas con&hellip; <\/p>\n","protected":false},"author":2,"featured_media":1264,"comment_status":"open","ping_status":"open","sticky":false,"template":"","format":"standard","meta":{"footnotes":""},"categories":[2],"tags":[],"class_list":["post-1263","post","type-post","status-publish","format-standard","has-post-thumbnail","hentry","category-provinciales"],"_links":{"self":[{"href":"https:\/\/lametro989.com\/index.php?rest_route=\/wp\/v2\/posts\/1263","targetHints":{"allow":["GET"]}}],"collection":[{"href":"https:\/\/lametro989.com\/index.php?rest_route=\/wp\/v2\/posts"}],"about":[{"href":"https:\/\/lametro989.com\/index.php?rest_route=\/wp\/v2\/types\/post"}],"author":[{"embeddable":true,"href":"https:\/\/lametro989.com\/index.php?rest_route=\/wp\/v2\/users\/2"}],"replies":[{"embeddable":true,"href":"https:\/\/lametro989.com\/index.php?rest_route=%2Fwp%2Fv2%2Fcomments&post=1263"}],"version-history":[{"count":1,"href":"https:\/\/lametro989.com\/index.php?rest_route=\/wp\/v2\/posts\/1263\/revisions"}],"predecessor-version":[{"id":1265,"href":"https:\/\/lametro989.com\/index.php?rest_route=\/wp\/v2\/posts\/1263\/revisions\/1265"}],"wp:featuredmedia":[{"embeddable":true,"href":"https:\/\/lametro989.com\/index.php?rest_route=\/wp\/v2\/media\/1264"}],"wp:attachment":[{"href":"https:\/\/lametro989.com\/index.php?rest_route=%2Fwp%2Fv2%2Fmedia&parent=1263"}],"wp:term":[{"taxonomy":"category","embeddable":true,"href":"https:\/\/lametro989.com\/index.php?rest_route=%2Fwp%2Fv2%2Fcategories&post=1263"},{"taxonomy":"post_tag","embeddable":true,"href":"https:\/\/lametro989.com\/index.php?rest_route=%2Fwp%2Fv2%2Ftags&post=1263"}],"curies":[{"name":"wp","href":"https:\/\/api.w.org\/{rel}","templated":true}]}}