{"id":1271,"date":"2023-07-16T23:13:36","date_gmt":"2023-07-17T02:13:36","guid":{"rendered":"https:\/\/lametro989.com\/?p=1271"},"modified":"2023-07-16T23:13:36","modified_gmt":"2023-07-17T02:13:36","slug":"historico-medalla-de-oro-para-el-seleccionado-argentino-de-taekwondo-en-eeuu-con-dos-chaquenos-a-la-cabeza","status":"publish","type":"post","link":"https:\/\/lametro989.com\/?p=1271","title":{"rendered":"Hist\u00f3rico: medalla de oro para el seleccionado argentino de Taekwondo en EEUU, con dos chaque\u00f1os a la cabeza"},"content":{"rendered":"\n<p>El seleccionado Argentino de Taekwondo, se coron\u00f3 campe\u00f3n del Mundo tras obtener la medalla dorada en el torneo por equipos internacional que se llev\u00f3 a cabo el viernes en Phoenix, Arizona, Estados Unidos.<\/p>\n\n\n\n<figure class=\"wp-block-image size-full\"><img loading=\"lazy\" decoding=\"async\" width=\"247\" height=\"204\" src=\"https:\/\/lametro989.com\/wp-content\/uploads\/2023\/07\/imagen-192.png\" alt=\"\" class=\"wp-image-1272\"\/><\/figure>\n\n\n\n<p>Tras ganarle al seleccionado local en la modalidad Sparring ( lucha ), Argentina pudo conquistar el campeonato mundial por primera vez en su historia .<\/p>\n\n\n\n<p>La selecci\u00f3n nacional estuvo comandada por el chaque\u00f1o senior Master Agustin Spiess, y dentro de los integrantes del equipo campe\u00f3n estuvo otro chaque\u00f1o, Mauro Echazarreta.<\/p>\n\n\n\n<p>\u00c9ste \u00faltimo, en di\u00e1logo con La Voz del Chaco tras la coronaci\u00f3n, sostuvo que \u00abeste logro obtrenido es in\u00e9dito e hist\u00f3rico para el Taekwondo argentino, ya que nunca antes se hab\u00eda podido conseguir\u00bb.<\/p>\n","protected":false},"excerpt":{"rendered":"<p>El seleccionado Argentino de Taekwondo, se coron\u00f3 campe\u00f3n del Mundo tras obtener la medalla dorada en el torneo por equipos internacional que se llev\u00f3 a&hellip; <\/p>\n","protected":false},"author":2,"featured_media":1272,"comment_status":"open","ping_status":"open","sticky":false,"template":"","format":"standard","meta":{"footnotes":""},"categories":[13],"tags":[],"class_list":["post-1271","post","type-post","status-publish","format-standard","has-post-thumbnail","hentry","category-nacionales"],"_links":{"self":[{"href":"https:\/\/lametro989.com\/index.php?rest_route=\/wp\/v2\/posts\/1271","targetHints":{"allow":["GET"]}}],"collection":[{"href":"https:\/\/lametro989.com\/index.php?rest_route=\/wp\/v2\/posts"}],"about":[{"href":"https:\/\/lametro989.com\/index.php?rest_route=\/wp\/v2\/types\/post"}],"author":[{"embeddable":true,"href":"https:\/\/lametro989.com\/index.php?rest_route=\/wp\/v2\/users\/2"}],"replies":[{"embeddable":true,"href":"https:\/\/lametro989.com\/index.php?rest_route=%2Fwp%2Fv2%2Fcomments&post=1271"}],"version-history":[{"count":1,"href":"https:\/\/lametro989.com\/index.php?rest_route=\/wp\/v2\/posts\/1271\/revisions"}],"predecessor-version":[{"id":1273,"href":"https:\/\/lametro989.com\/index.php?rest_route=\/wp\/v2\/posts\/1271\/revisions\/1273"}],"wp:featuredmedia":[{"embeddable":true,"href":"https:\/\/lametro989.com\/index.php?rest_route=\/wp\/v2\/media\/1272"}],"wp:attachment":[{"href":"https:\/\/lametro989.com\/index.php?rest_route=%2Fwp%2Fv2%2Fmedia&parent=1271"}],"wp:term":[{"taxonomy":"category","embeddable":true,"href":"https:\/\/lametro989.com\/index.php?rest_route=%2Fwp%2Fv2%2Fcategories&post=1271"},{"taxonomy":"post_tag","embeddable":true,"href":"https:\/\/lametro989.com\/index.php?rest_route=%2Fwp%2Fv2%2Ftags&post=1271"}],"curies":[{"name":"wp","href":"https:\/\/api.w.org\/{rel}","templated":true}]}}