{"id":1284,"date":"2023-07-17T19:27:15","date_gmt":"2023-07-17T22:27:15","guid":{"rendered":"https:\/\/lametro989.com\/?p=1284"},"modified":"2023-07-17T19:27:15","modified_gmt":"2023-07-17T22:27:15","slug":"porto-elevo-la-oferta-por-alan-varela-y-esta-cerca-de-dejar-boca","status":"publish","type":"post","link":"https:\/\/lametro989.com\/?p=1284","title":{"rendered":"Porto elev\u00f3 la oferta por Alan Varela y est\u00e1 cerca de dejar Boca"},"content":{"rendered":"\n<p>El equipo lusitano mejor\u00f3 los n\u00fameros de la primera propuesta formal por el volante del <em>Xeneize<\/em> y son optimistas con que pueda cerrarse la operaci\u00f3n en los pr\u00f3ximos d\u00edas.<\/p>\n\n\n\n<figure class=\"wp-block-image size-full\"><img loading=\"lazy\" decoding=\"async\" width=\"862\" height=\"485\" src=\"https:\/\/lametro989.com\/wp-content\/uploads\/2023\/07\/imagen-196.png\" alt=\"\" class=\"wp-image-1285\" srcset=\"https:\/\/lametro989.com\/wp-content\/uploads\/2023\/07\/imagen-196.png 862w, https:\/\/lametro989.com\/wp-content\/uploads\/2023\/07\/imagen-196-300x169.png 300w, https:\/\/lametro989.com\/wp-content\/uploads\/2023\/07\/imagen-196-768x432.png 768w\" sizes=\"auto, (max-width: 862px) 100vw, 862px\" \/><\/figure>\n\n\n\n<p>D\u00edas despu\u00e9s de que el Consejo de F\u00fatbol le bajara el pulgar a la primera propuesta para llevarse a Alan Varela, amo y se\u00f1or de la mitad de la cancha de Boca, Porto mejor\u00f3 los n\u00fameros de la negociaci\u00f3n y son optimistas con que pueda pegar el salto a Europa.<\/p>\n\n\n\n<p>El diario R\u00e9cord de Portugal inform\u00f3 este lunes que los Dragones elevaron una nueva oferta por el mediocampista de 22 a\u00f1os, titular el \u00faltimo domingo en la victoria 3-1 sobre Gimnasia en el Bosque platense: 9.5 millones de euros, m\u00e1s 1.8 millones en objetivos y una plusval\u00eda en caso de una futura venta.<\/p>\n\n\n\n<p>El \u00faltimo subcampe\u00f3n de la Premeira Liga quiere fortalecer su c\u00edrculo central y es por eso que aumentaron las cifras en esta operaci\u00f3n. La semana pasada, ofrecieron ocho millones de d\u00f3lares por el 80% del pase del nacido en Isidro Casanova y Juan Rom\u00e1n Riquelme y compa\u00f1\u00eda no tardaron en rechazarla.<\/p>\n\n\n\n<p>En Porto se ilusionan con la llegada de Varela debido a que se acercaron bastante a la cl\u00e1usula de rescisi\u00f3n de 15 millones de d\u00f3lares (13.5 millones de euros) que tiene en Boca. Esta semana quieren pulir los \u00faltimos detalles (el contrato del jugador ya est\u00e1 arreglado) y que pueda sumarse en los pr\u00f3ximos d\u00edas a la pretemporada que llevar\u00e1 a cabo el conjunto de S\u00e9rgio Concei\u00e7\u00e3o en Algarve del 17 al 26 de julio.<\/p>\n\n\n\n<p>En La Ribera sostienen que la venta del N\u00b05 azul y oro est\u00e1 avanzada pero todav\u00eda no se cerr\u00f3. M\u00e1s all\u00e1 de que no podr\u00e1 jugar ante Newell&#8217;s por haber llegado a las diez amarillas, Jorge Almir\u00f3n lo sigue teniendo en consideraci\u00f3n hasta que se marche al Viejo Continente.<\/p>\n\n\n\n<p><em>Fuente: TyCSports<\/em><\/p>\n","protected":false},"excerpt":{"rendered":"<p>El equipo lusitano mejor\u00f3 los n\u00fameros de la primera propuesta formal por el volante del Xeneize y son optimistas con que pueda cerrarse la operaci\u00f3n&hellip; <\/p>\n","protected":false},"author":2,"featured_media":1285,"comment_status":"open","ping_status":"open","sticky":false,"template":"","format":"standard","meta":{"footnotes":""},"categories":[13],"tags":[],"class_list":["post-1284","post","type-post","status-publish","format-standard","has-post-thumbnail","hentry","category-nacionales"],"_links":{"self":[{"href":"https:\/\/lametro989.com\/index.php?rest_route=\/wp\/v2\/posts\/1284","targetHints":{"allow":["GET"]}}],"collection":[{"href":"https:\/\/lametro989.com\/index.php?rest_route=\/wp\/v2\/posts"}],"about":[{"href":"https:\/\/lametro989.com\/index.php?rest_route=\/wp\/v2\/types\/post"}],"author":[{"embeddable":true,"href":"https:\/\/lametro989.com\/index.php?rest_route=\/wp\/v2\/users\/2"}],"replies":[{"embeddable":true,"href":"https:\/\/lametro989.com\/index.php?rest_route=%2Fwp%2Fv2%2Fcomments&post=1284"}],"version-history":[{"count":1,"href":"https:\/\/lametro989.com\/index.php?rest_route=\/wp\/v2\/posts\/1284\/revisions"}],"predecessor-version":[{"id":1286,"href":"https:\/\/lametro989.com\/index.php?rest_route=\/wp\/v2\/posts\/1284\/revisions\/1286"}],"wp:featuredmedia":[{"embeddable":true,"href":"https:\/\/lametro989.com\/index.php?rest_route=\/wp\/v2\/media\/1285"}],"wp:attachment":[{"href":"https:\/\/lametro989.com\/index.php?rest_route=%2Fwp%2Fv2%2Fmedia&parent=1284"}],"wp:term":[{"taxonomy":"category","embeddable":true,"href":"https:\/\/lametro989.com\/index.php?rest_route=%2Fwp%2Fv2%2Fcategories&post=1284"},{"taxonomy":"post_tag","embeddable":true,"href":"https:\/\/lametro989.com\/index.php?rest_route=%2Fwp%2Fv2%2Ftags&post=1284"}],"curies":[{"name":"wp","href":"https:\/\/api.w.org\/{rel}","templated":true}]}}