{"id":1293,"date":"2023-07-17T19:32:08","date_gmt":"2023-07-17T22:32:08","guid":{"rendered":"https:\/\/lametro989.com\/?p=1293"},"modified":"2023-07-17T19:32:08","modified_gmt":"2023-07-17T22:32:08","slug":"perez-pons-sobre-las-elecciones-del-17-de-septiembre-se-disputaran-dos-modelos-distintos-de-pensar-la-provincia","status":"publish","type":"post","link":"https:\/\/lametro989.com\/?p=1293","title":{"rendered":"P\u00e9rez Pons sobre las elecciones del 17 de septiembre: \u201cSe disputar\u00e1n dos modelos distintos de pensar la provincia\u201d"},"content":{"rendered":"\n<p>El candidato a diputado provincial record\u00f3 que la capacidad de gesti\u00f3n de Capitanich est\u00e1 probada. En cambio, la oposici\u00f3n \u201cno tiene siquiera un equipo econ\u00f3mico\u201d, dijo. Tambi\u00e9n habl\u00f3 sobre su futuro en la Legislatura provincial.<\/p>\n\n\n\n<figure class=\"wp-block-image size-full\"><img loading=\"lazy\" decoding=\"async\" width=\"698\" height=\"487\" src=\"https:\/\/lametro989.com\/wp-content\/uploads\/2023\/07\/imagen-199.png\" alt=\"\" class=\"wp-image-1294\" srcset=\"https:\/\/lametro989.com\/wp-content\/uploads\/2023\/07\/imagen-199.png 698w, https:\/\/lametro989.com\/wp-content\/uploads\/2023\/07\/imagen-199-300x209.png 300w\" sizes=\"auto, (max-width: 698px) 100vw, 698px\" \/><\/figure>\n\n\n\n<p>El candidato a diputado provincial por el Frente Chaque\u00f1o y actual ministro de Planificaci\u00f3n, Econom\u00eda e Infraestructura de la provincia, Santiago P\u00e9rez Pons, analiz\u00f3 el escenario pol\u00edtico de cara a las elecciones generales de septiembre, y se\u00f1al\u00f3 que se disputar\u00e1n \u201cdos modelos distintos de pensar la provincia\u201d. \u201cPor un lado, el modelo de gesti\u00f3n del gobernador Capitanich,&nbsp; que garantiza el crecimiento y desarrollo del Chaco, con un equipo probado que conoce las necesidades de las y los chaque\u00f1os. Por el otro lado, un candidato de la oposici\u00f3n que es casi vitalicio de la C\u00e1mara de Diputados y que no tiene siquiera un equipo econ\u00f3mico para gestionar\u201d, advirti\u00f3.<\/p>\n\n\n\n<p>P\u00e9rez Pons asegur\u00f3 que desde el Frente Chaque\u00f1o \u201cdefendemos y representamos un modelo de gesti\u00f3n cuyo objetivo siempre es resolver los problemas y las necesidades de la gente. Ustedes conocen al gobernador, con su capacidad de trabajo para dar estabilidad y previsibilidad a todas y todos los chaque\u00f1os\u201d.<\/p>\n\n\n\n<h3 class=\"wp-block-heading\">Mirada legislativa<\/h3>\n\n\n\n<p>Respecto de su futuro como diputado provincial, P\u00e9rez Pons anticip\u00f3: \u201cVeo lo que pasa diariamente y en funci\u00f3n de eso considero que el principal trabajo legislativo que se debe realizar es discutir los problemas que tiene la gente\u201d.<\/p>\n\n\n\n<p>\u201cYo lo menciono siempre, porque me parece muy representativo, la ley m\u00e1s importante que vota un legislador es la ley de Presupuesto, que determina si el m\u00e9dico va a tener una bonificaci\u00f3n especial, para que haya m\u00e1s m\u00e9dicos en los hospitales, o si vamos a poder hacer 100 obras o 2.000 obras de infraestructura en la provincia\u201d, indic\u00f3.<\/p>\n\n\n\n<p>En ese contexto, P\u00e9rez Pons se mostr\u00f3 preocupado por el escaso conocimiento de la oposici\u00f3n en materia econ\u00f3mica y legislativa: \u201cSi vos le pregunt\u00e1s a un candidato gobernador, que adem\u00e1s es diputado, y no sabe qu\u00e9 cantidad de fondos tiene la provincia para discutir las inversiones y los gastos; eso preocupa, y mucho. Eso me preocupa, principalmente como joven\u201d, asegur\u00f3.<\/p>\n","protected":false},"excerpt":{"rendered":"<p>El candidato a diputado provincial record\u00f3 que la capacidad de gesti\u00f3n de Capitanich est\u00e1 probada. En cambio, la oposici\u00f3n \u201cno tiene siquiera un equipo econ\u00f3mico\u201d,&hellip; <\/p>\n","protected":false},"author":2,"featured_media":1294,"comment_status":"open","ping_status":"open","sticky":false,"template":"","format":"standard","meta":{"footnotes":""},"categories":[9,2],"tags":[],"class_list":["post-1293","post","type-post","status-publish","format-standard","has-post-thumbnail","hentry","category-destacadas","category-provinciales"],"_links":{"self":[{"href":"https:\/\/lametro989.com\/index.php?rest_route=\/wp\/v2\/posts\/1293","targetHints":{"allow":["GET"]}}],"collection":[{"href":"https:\/\/lametro989.com\/index.php?rest_route=\/wp\/v2\/posts"}],"about":[{"href":"https:\/\/lametro989.com\/index.php?rest_route=\/wp\/v2\/types\/post"}],"author":[{"embeddable":true,"href":"https:\/\/lametro989.com\/index.php?rest_route=\/wp\/v2\/users\/2"}],"replies":[{"embeddable":true,"href":"https:\/\/lametro989.com\/index.php?rest_route=%2Fwp%2Fv2%2Fcomments&post=1293"}],"version-history":[{"count":1,"href":"https:\/\/lametro989.com\/index.php?rest_route=\/wp\/v2\/posts\/1293\/revisions"}],"predecessor-version":[{"id":1295,"href":"https:\/\/lametro989.com\/index.php?rest_route=\/wp\/v2\/posts\/1293\/revisions\/1295"}],"wp:featuredmedia":[{"embeddable":true,"href":"https:\/\/lametro989.com\/index.php?rest_route=\/wp\/v2\/media\/1294"}],"wp:attachment":[{"href":"https:\/\/lametro989.com\/index.php?rest_route=%2Fwp%2Fv2%2Fmedia&parent=1293"}],"wp:term":[{"taxonomy":"category","embeddable":true,"href":"https:\/\/lametro989.com\/index.php?rest_route=%2Fwp%2Fv2%2Fcategories&post=1293"},{"taxonomy":"post_tag","embeddable":true,"href":"https:\/\/lametro989.com\/index.php?rest_route=%2Fwp%2Fv2%2Ftags&post=1293"}],"curies":[{"name":"wp","href":"https:\/\/api.w.org\/{rel}","templated":true}]}}