{"id":1296,"date":"2023-07-17T19:33:42","date_gmt":"2023-07-17T22:33:42","guid":{"rendered":"https:\/\/lametro989.com\/?p=1296"},"modified":"2023-07-17T19:33:42","modified_gmt":"2023-07-17T22:33:42","slug":"cuales-son-las-vacunas-que-integran-el-calendario-nacional","status":"publish","type":"post","link":"https:\/\/lametro989.com\/?p=1296","title":{"rendered":"\u00bfCu\u00e1les son las vacunas que integran el Calendario Nacional?"},"content":{"rendered":"\n<p>Las dosis \u2013que tambi\u00e9n son obligatorias-\u00a0pueden adquirirse de manera gratuita, en todos los centros de salud y hospitales p\u00fablicos de nuestro pa\u00eds.\u00a0<\/p>\n\n\n\n<figure class=\"wp-block-image size-full\"><img loading=\"lazy\" decoding=\"async\" width=\"526\" height=\"935\" src=\"https:\/\/lametro989.com\/wp-content\/uploads\/2023\/07\/imagen-200.png\" alt=\"\" class=\"wp-image-1297\" srcset=\"https:\/\/lametro989.com\/wp-content\/uploads\/2023\/07\/imagen-200.png 526w, https:\/\/lametro989.com\/wp-content\/uploads\/2023\/07\/imagen-200-169x300.png 169w\" sizes=\"auto, (max-width: 526px) 100vw, 526px\" \/><\/figure>\n\n\n\n<p>El Ministerio de Salud de la Naci\u00f3n recuerda que todas las vacunas del Calendario Nacional son <strong>obligatorias, gratuitas y se aplican en vacunatorios, centros de salud y hospitales p\u00fablicos del pa\u00eds.<\/strong> Nuestro calendario incluye vacunas para todas las etapas de la vida, situaciones especiales y grupos espec\u00edficos.&nbsp;<\/p>\n\n\n\n<h3 class=\"wp-block-heading\">Personas gestantes<\/h3>\n\n\n\n<p>La vacunaci\u00f3n de la persona gestante transfiere anticuerpos a trav\u00e9s de la placenta y luego a trav\u00e9s de la lactancia a la persona reci\u00e9n nacida protegi\u00e9ndola durante los primeros meses de vida. Las vacunas que deben recibir son:<\/p>\n\n\n\n<p><em>Triple bacteriana acelular:<\/em> una dosis en cada embarazo, despu\u00e9s de la semana de 20 de gestaci\u00f3n.<\/p>\n\n\n\n<p><em>Antigripal:<\/em> una dosis en cualquier trimestre de la gestaci\u00f3n. En caso de no haberla recibido en el embarazo aplicar una dosis, hasta 10 d\u00edas posteriores al parto.<\/p>\n\n\n\n<p><em>Hepatitis B:<\/em> de no haber recibido el esquema completo, deber\u00e1 completarlo. En caso de tener que iniciarlo: aplicar 1 \u00b0 dosis, 2\u00ba dosis al mes de la primera y 3\u00b0 dosis a los seis meses de la primera.<\/p>\n\n\n\n<p><em>Durante el puerperio<\/em><\/p>\n\n\n\n<p><em>Triple Viral:<\/em> aplicar doble o triple viral en caso de no contar con dos dosis de vacuna con componente contra el sarampi\u00f3n y la rubeola aplicadas despu\u00e9s del a\u00f1o de vida para las personas nacidas despu\u00e9s de 1965. Importante: esta vacuna se encuentra contraindicada durante el embarazo.<\/p>\n\n\n\n<p><em>Hepatitis B: <\/em>iniciar o completar esquema<\/p>\n\n\n\n<p><em>Antigripal:<\/em> en caso de no haberla recibido en el embarazo, aplicar una dosis hasta 10 d\u00edas posteriores al parto.<\/p>\n\n\n\n<h3 class=\"wp-block-heading\">Persona reci\u00e9n nacida<\/h3>\n\n\n\n<p>La aplicaci\u00f3n de vacunas desde edades tempranas protege a quienes son m\u00e1s susceptibles a contraer enfermedades infecciosas potencialmente graves.<\/p>\n\n\n\n<p><em>Hepatitis B:<\/em> Una dosis neonatal: personas reci\u00e9n nacidas dentro de las primeras 12 horas de vida.<\/p>\n\n\n\n<p><em>Tuberculosis (BCG):<\/em> \u00danica dosis: personas reci\u00e9n nacidas, antes de egresar de la maternidad.<\/p>\n\n\n\n<h3 class=\"wp-block-heading\">Hasta el a\u00f1o de vida<\/h3>\n\n\n\n<p><em>A los 2 meses<\/em><\/p>\n\n\n\n<p>Neumococo conjugada: primera dosis.<\/p>\n\n\n\n<p>Poliomielitis: primera dosis (IPV o Salk)<\/p>\n\n\n\n<p>Qu\u00edntuple (o pentavalente): primera dosis.<\/p>\n\n\n\n<p>Rotavirus: primera dosis.<\/p>\n\n\n\n<p><em>A los 3 meses<\/em><\/p>\n\n\n\n<p>Meningococo: primera dosis.<\/p>\n\n\n\n<p><em>A los 4 meses<\/em><\/p>\n\n\n\n<p>Neumococo conjugada: segunda dosis.<\/p>\n\n\n\n<p>Poliomielitis: segunda dosis (IPV o Salk)<\/p>\n\n\n\n<p>Qu\u00edntuple (o pentavalente): segunda dosis.<\/p>\n\n\n\n<p>Rotavirus: segunda dosis.<\/p>\n\n\n\n<p><em>A los 5 meses<\/em><\/p>\n\n\n\n<p>Meningococo: segunda dosis.<\/p>\n\n\n\n<p><em>A los 6 meses<\/em><\/p>\n\n\n\n<p>Poliomielitis: tercera dosis (IPV o Salk)<\/p>\n\n\n\n<p>Qu\u00edntuple (o pentavalente): tercera dosis.<\/p>\n\n\n\n<p><em>Entre los 6 y los 24 meses<\/em><\/p>\n\n\n\n<p>Antigripal: dos dosis, con un intervalo m\u00ednimo de 4 semanas entre la primera y la segunda.<\/p>\n\n\n\n<p>Las personas menores de 24 meses que hubieran recibido dos dosis de vacuna antigripal anteriormente, deber\u00e1n recibir una dosis.<\/p>\n\n\n\n<p><em>A los 12 meses<\/em><\/p>\n\n\n\n<p>Neumococo conjugada: refuerzo de dosis<\/p>\n\n\n\n<p>Hepatitis A: \u00fanica dosis<\/p>\n\n\n\n<p>Triple viral: primera dosis.<\/p>\n\n\n\n<h3 class=\"wp-block-heading\">Hasta los dos a\u00f1os de vida<\/h3>\n\n\n\n<p><em>Entre los 6 y 24 meses<\/em><\/p>\n\n\n\n<p>Antigripal: dos dosis, con un intervalo m\u00ednimo de 4 semanas entre la primera y la segunda. Las personas menores de 24 meses que hubieran recibido dos dosis de vacuna antigripal anteriormente, deber\u00e1n recibir s\u00f3lo una dosis.<\/p>\n\n\n\n<p><em>A los 15 meses<\/em><\/p>\n\n\n\n<p>Meningococo: refuerzo.<\/p>\n\n\n\n<p>Varicela: primera dosis.<\/p>\n\n\n\n<p><em>Entre los 15 y los 18 meses<\/em><\/p>\n\n\n\n<p>Qu\u00edntuple (o pentavalente): refuerzo de dosis.<\/p>\n\n\n\n<p><em>A los 18 meses<\/em><\/p>\n\n\n\n<p>Fiebre amarilla: primera dosis, solo para quienes residan en zonas de riesgo.<\/p>\n\n\n\n<h3 class=\"wp-block-heading\">A los 5 y 6 a\u00f1os<\/h3>\n\n\n\n<p>Quienes tengan entre 5 y 6 a\u00f1os, deben recibir las siguientes vacunas:<\/p>\n\n\n\n<p><em>IPV<\/em> para prevenir la poliomielitis.<\/p>\n\n\n\n<p><em>Triple viral SRP<\/em> para prevenir el sarampi\u00f3n, la rub\u00e9ola y las paperas.<\/p>\n\n\n\n<p><em>Triple bacteriana celular<\/em> para prevenir la difteria, el t\u00e9tanos y la tos convulsa.<\/p>\n\n\n\n<p><em>Varicela<\/em> para prevenir la varicela.<\/p>\n\n\n\n<h3 class=\"wp-block-heading\">A los 11 a\u00f1os<\/h3>\n\n\n\n<p>En esta etapa debe reforzarse la protecci\u00f3n de las vacunas de la infancia y comenzar a prevenir enfermedades propias de la edad.<\/p>\n\n\n\n<p><em>VPH<\/em> (Virus del Papiloma Humano): primera y segunda dosis separadas por un intervalo m\u00ednimo de 6 meses.<\/p>\n\n\n\n<p><em>Meningococo:<\/em> una \u00fanica dosis.<\/p>\n\n\n\n<p><em>Hepatitis B:<\/em> iniciar o completar esquemas (3 dosis)<\/p>\n\n\n\n<p><em>Triple bacteriana acelular: <\/em>una \u00fanica dosis.<\/p>\n\n\n\n<p><em>Fiebre amarilla:<\/em> refuerzo para quienes residan en zonas de riesgo.<\/p>\n\n\n\n<h3 class=\"wp-block-heading\">Personas j\u00f3venes y adultas<\/h3>\n\n\n\n<p>La vacunaci\u00f3n en esta etapa de la vida es crucial para recibir refuerzos de vacunas ya aplicadas, brindar protecci\u00f3n contra otras enfermedades, as\u00ed como completar esquemas.<\/p>\n\n\n\n<p><em>Doble bacteriana:<\/em> iniciar o completar esquema de 3 dosis, luego continuar con una dosis de refuerzo cada 10 a\u00f1os.<\/p>\n\n\n\n<p><em>Doble o triple viral:<\/em> toda persona a partir de los 5 a\u00f1os debe acreditar 2 dosis de vacuna con componente contra sarampi\u00f3n y rub\u00e9ola aplicadas despu\u00e9s del a\u00f1o de vida. Las personas nacidas antes del a\u00f1o 1965 se consideran inmunes por haber estado expuestas a ambos virus.<\/p>\n\n\n\n<p><em>Hepatitis B:<\/em> desde 2012 es obligatoria para todas las personas de cualquier edad. Las personas no vacunadas deber\u00e1n iniciar el esquema de vacunaci\u00f3n de tres dosis. En el caso de haber recibido alguna dosis previa, completar con las dosis que falten.<\/p>\n\n\n\n<p><em>Antigripal:<\/em> una dosis anual para personas j\u00f3venes y adultas con ciertas enfermedades cr\u00f3nicas.<\/p>\n\n\n\n<p><em>Son considerados factores de riesgo:<\/em> obesidad, diabetes, enfermedades respiratorias cr\u00f3nicas, enfermedades card\u00edacas cr\u00f3nicas, inmunodeficiencias cong\u00e9nitas o adquiridas, enfermedad oncohematol\u00f3gica, trasplante de \u00f3rgano s\u00f3lido o de m\u00e9dula \u00f3sea y\/o insuficiencia renal cr\u00f3nica en di\u00e1lisis, entre otros.<\/p>\n\n\n\n<p>A fin de promover la vacunaci\u00f3n en personas con factores de riesgo se puede presentar orden m\u00e9dica o cualquier documentaci\u00f3n que certifique la existencia de enfermedades preexistentes.<\/p>\n\n\n\n<p><em>Fiebre Hemorr\u00e1gica Argentina: <\/em>a partir de los 15 a\u00f1os para personas que residan o trabajen en la zona end\u00e9mica (ciertas jurisdicciones de Buenos Aires, C\u00f3rdoba, Santa Fe y La Pampa).<\/p>\n\n\n\n<p><em>Fiebre amarilla:<\/em> para quienes residen en zona de riesgo, provincias de Misiones, Corrientes y Formosa y algunos departamentos de Chaco, Salta y Jujuy, el Calendario Nacional de Vacunaci\u00f3n incluye: una dosis a los 18 meses de vida y un refuerzo a los 11 a\u00f1os para quienes recibieron la 1er dosis antes de los 2 a\u00f1os<\/p>\n\n\n\n<p><strong>Personas viajeras:<\/strong> se recomienda la vacunaci\u00f3n si su destino es una zona con riesgo de transmisi\u00f3n comprobada de fiebre amarilla. Deben recibir la vacuna al menos diez d\u00edas antes de arribar al destino quienes no presenten contraindicaciones o precauciones para recibirla. Ten\u00e9 en cuenta que algunos pa\u00edses solicitan como requisito para ingresar a su territorio la presentaci\u00f3n del certificado internacional.<\/p>\n\n\n\n<h3 class=\"wp-block-heading\">Mayores de 65 a\u00f1os<\/h3>\n\n\n\n<p>Las personas adultas de 65 a\u00f1os o m\u00e1s deben continuar con los refuerzos de vacunas ya aplicadas, completar esquemas y protegerse contra la gripe y el neumococo, principales causas de complicaciones en esta etapa de la vida.<\/p>\n\n\n\n<p><em>Antigripal:<\/em> una dosis anual.<\/p>\n\n\n\n<p><em>Neumococo:<\/em> esquema secuencial de dos vacunas (vacuna conjugada 13 valente y al a\u00f1o siguiente aplicar polisac\u00e1rida 23 valente)<\/p>\n\n\n\n<h3 class=\"wp-block-heading\">Carnet unificado de vacunaci\u00f3n<\/h3>\n\n\n\n<p>El carnet es un documento muy importante en el que se registran todas las vacunas que recibe una persona.<\/p>\n\n\n\n<p>Cada aplicaci\u00f3n debe ser anotada por el personal de salud interviniente en el acto de vacunaci\u00f3n, para dejar constancia escrita de la vacuna aplicada. Tambi\u00e9n debe registrarse en formato digital (Ej: en el Registro Nominal de Vacunaci\u00f3n) para generar el historial de vacunaci\u00f3n de la persona y facilitar la identificaci\u00f3n de los esquemas incompletos.<\/p>\n\n\n\n<p>La vacuna contra la fiebre amarilla en contexto de viaje debe ser registrada en el Certificado Internacional de Vacunaci\u00f3n. Esta vacuna y su certificado son v\u00e1lidos durante toda la vida.<\/p>\n\n\n\n<p>Es Importante que el carnet unificado de vacunas y el certificado internacional<\/p>\n\n\n\n<p>*Los guardes en un lugar seguro.<\/p>\n\n\n\n<p>*Guard\u00e1 una fotocopia o foto de la \u00faltima versi\u00f3n, por si lo perd\u00e9s.<\/p>\n\n\n\n<p>*Verific\u00e1 que al momento de la aplicaci\u00f3n quede registrada cada vacuna que recibas.<\/p>\n\n\n\n<p><em>*Con informaci\u00f3n del Ministerio de Salud de la Naci\u00f3n<\/em><\/p>\n","protected":false},"excerpt":{"rendered":"<p>Las dosis \u2013que tambi\u00e9n son obligatorias-\u00a0pueden adquirirse de manera gratuita, en todos los centros de salud y hospitales p\u00fablicos de nuestro pa\u00eds.\u00a0 El Ministerio de&hellip; <\/p>\n","protected":false},"author":2,"featured_media":1297,"comment_status":"open","ping_status":"open","sticky":false,"template":"","format":"standard","meta":{"footnotes":""},"categories":[9,13],"tags":[],"class_list":["post-1296","post","type-post","status-publish","format-standard","has-post-thumbnail","hentry","category-destacadas","category-nacionales"],"_links":{"self":[{"href":"https:\/\/lametro989.com\/index.php?rest_route=\/wp\/v2\/posts\/1296","targetHints":{"allow":["GET"]}}],"collection":[{"href":"https:\/\/lametro989.com\/index.php?rest_route=\/wp\/v2\/posts"}],"about":[{"href":"https:\/\/lametro989.com\/index.php?rest_route=\/wp\/v2\/types\/post"}],"author":[{"embeddable":true,"href":"https:\/\/lametro989.com\/index.php?rest_route=\/wp\/v2\/users\/2"}],"replies":[{"embeddable":true,"href":"https:\/\/lametro989.com\/index.php?rest_route=%2Fwp%2Fv2%2Fcomments&post=1296"}],"version-history":[{"count":1,"href":"https:\/\/lametro989.com\/index.php?rest_route=\/wp\/v2\/posts\/1296\/revisions"}],"predecessor-version":[{"id":1298,"href":"https:\/\/lametro989.com\/index.php?rest_route=\/wp\/v2\/posts\/1296\/revisions\/1298"}],"wp:featuredmedia":[{"embeddable":true,"href":"https:\/\/lametro989.com\/index.php?rest_route=\/wp\/v2\/media\/1297"}],"wp:attachment":[{"href":"https:\/\/lametro989.com\/index.php?rest_route=%2Fwp%2Fv2%2Fmedia&parent=1296"}],"wp:term":[{"taxonomy":"category","embeddable":true,"href":"https:\/\/lametro989.com\/index.php?rest_route=%2Fwp%2Fv2%2Fcategories&post=1296"},{"taxonomy":"post_tag","embeddable":true,"href":"https:\/\/lametro989.com\/index.php?rest_route=%2Fwp%2Fv2%2Ftags&post=1296"}],"curies":[{"name":"wp","href":"https:\/\/api.w.org\/{rel}","templated":true}]}}