{"id":1302,"date":"2023-07-17T19:40:06","date_gmt":"2023-07-17T22:40:06","guid":{"rendered":"https:\/\/lametro989.com\/?p=1302"},"modified":"2023-07-17T19:40:06","modified_gmt":"2023-07-17T22:40:06","slug":"el-gobierno-nacional-le-bajo-el-tono-a-la-dura-derrota-en-santa-fe-y-busca-replantear-estrategias","status":"publish","type":"post","link":"https:\/\/lametro989.com\/?p=1302","title":{"rendered":"El Gobierno nacional le baj\u00f3 el tono a la dura derrota en Santa Fe y busca replantear estrategias"},"content":{"rendered":"\n<p>An\u00edbal Fern\u00e1ndez, ministro de Seguridad y referente de Casa Rosada, dijo que la diferencia por m\u00e1s de 30 puntos &#8220;no indica nada a futuro&#8221; y que la situaci\u00f3n es reversible.<\/p>\n\n\n\n<figure class=\"wp-block-image size-full\"><img loading=\"lazy\" decoding=\"async\" width=\"850\" height=\"476\" src=\"https:\/\/lametro989.com\/wp-content\/uploads\/2023\/07\/imagen-202.png\" alt=\"\" class=\"wp-image-1303\" srcset=\"https:\/\/lametro989.com\/wp-content\/uploads\/2023\/07\/imagen-202.png 850w, https:\/\/lametro989.com\/wp-content\/uploads\/2023\/07\/imagen-202-300x168.png 300w, https:\/\/lametro989.com\/wp-content\/uploads\/2023\/07\/imagen-202-768x430.png 768w\" sizes=\"auto, (max-width: 850px) 100vw, 850px\" \/><\/figure>\n\n\n\n<p>El ministro de Seguridad y actual interventor del PJ de Jujuy, <strong>An\u00edbal Fern\u00e1ndez<\/strong>, descart\u00f3 que la dura derrota del peronismo en Santa Fe repercuta a nivel nacional y se\u00f1al\u00f3 que &#8220;no indica nada a futuro&#8221; a pesar de haber tenido una diferencia de m\u00e1s de 30 puntos. <\/p>\n\n\n\n<p>Fue el exministro de Seguridad santafesino, <strong>Maximiliano Pullaro<\/strong>, quien este \u00faltimo domingo venci\u00f3 en las PASO santafesinas en el frente Unidos para Cambiar Santa Fe, que representa a Juntos por el Cambio. El peronista<strong> Marcelo Lewandowski<\/strong>, con Juntos Avancemos, aglutin\u00f3 a diversas corrientes del justicialismo pero no le alcanz\u00f3.<\/p>\n\n\n\n<p>Al respecto, el mano derecha de <strong>Alberto Fern\u00e1ndez<\/strong> dijo: &#8220;Est\u00e1n mirando como si fuese una preelecci\u00f3n. Es una interna. Cada uno resuelve en la interna lo que se le antoja, y en esa interna se pueden sumar m\u00e1s o menos votos, <strong>no me indica nada a futuro. Y en este caso el peronismo ya tiene candidato<\/strong>&#8220;.<\/p>\n\n\n\n<p>En este sentido, Fern\u00e1ndez dijo tenerle &#8220;mucho respeto&#8221; a Lewandowski y reconoci\u00f3 que ahora &#8220;se deber\u00e1 buscar una estrategia para ir a buscar los candidatos que no acompa\u00f1aron&#8221;. &#8220;Lo primero que hay que hacer es tener un pensamiento basado en propuestas <strong>que llamen la atenci\u00f3n del electorado<\/strong>&#8220;, dijo en di\u00e1logo con AM750.<\/p>\n\n\n\n<p>Por otra parte, el ministro de Obras P\u00fablicas, Gabriel Katopodis, afirm\u00f3 que &#8220;hay que ser respetuosos con los resultados elecotrales&#8221; y que <strong>&#8220;para ganar hay que sumar, y cuando divid\u00eds perd\u00e9s&#8221;<\/strong>. Luego, se\u00f1al\u00f3 que el logro de JxC estuvo en alcanzar &#8220;la unidad&#8221;.<\/p>\n\n\n\n<p>Luis Fernando Navarro, secretario de Relaciones con la Sociedad Civil y Desarrollo Comunitario de la jefatura de Gabinete y dirigente del Movimiento Evita, indic\u00f3 que el triunfo de Pullaro fue contundente y que el resultado en Santa Fe ya era previsible.<ins><\/ins><\/p>\n\n\n\n<p>&#8220;<strong>Fue un resultado que era previsible pero no con una diferencia tan a favor de los candidatos de Juntos por el Cambio<\/strong>, incluso un triunfo tan contundente del candidato de Larreta, (Maximiliano) Pullaro&#8221;, dijo ante Radio Nacional y tambi\u00e9n reconoci\u00f3 que la derrota se debi\u00f3 a que no se &#8220;tendieron puentes&#8221; con los sectores productivos locales.<\/p>\n\n\n\n<p>Las elecciones generales de Santa Fe ser\u00e1n el pr\u00f3ximo 10 de septiembre. Se estima que haya una participaci\u00f3n electoral mayor a la sucedida este domingo, <strong>cuando el porcentaje de electores alcanz\u00f3 s\u00f3lo el 64%.&nbsp;<\/strong><\/p>\n","protected":false},"excerpt":{"rendered":"<p>An\u00edbal Fern\u00e1ndez, ministro de Seguridad y referente de Casa Rosada, dijo que la diferencia por m\u00e1s de 30 puntos &#8220;no indica nada a futuro&#8221; y&hellip; <\/p>\n","protected":false},"author":2,"featured_media":1303,"comment_status":"open","ping_status":"open","sticky":false,"template":"","format":"standard","meta":{"footnotes":""},"categories":[5],"tags":[],"class_list":["post-1302","post","type-post","status-publish","format-standard","has-post-thumbnail","hentry","category-politica"],"_links":{"self":[{"href":"https:\/\/lametro989.com\/index.php?rest_route=\/wp\/v2\/posts\/1302","targetHints":{"allow":["GET"]}}],"collection":[{"href":"https:\/\/lametro989.com\/index.php?rest_route=\/wp\/v2\/posts"}],"about":[{"href":"https:\/\/lametro989.com\/index.php?rest_route=\/wp\/v2\/types\/post"}],"author":[{"embeddable":true,"href":"https:\/\/lametro989.com\/index.php?rest_route=\/wp\/v2\/users\/2"}],"replies":[{"embeddable":true,"href":"https:\/\/lametro989.com\/index.php?rest_route=%2Fwp%2Fv2%2Fcomments&post=1302"}],"version-history":[{"count":1,"href":"https:\/\/lametro989.com\/index.php?rest_route=\/wp\/v2\/posts\/1302\/revisions"}],"predecessor-version":[{"id":1304,"href":"https:\/\/lametro989.com\/index.php?rest_route=\/wp\/v2\/posts\/1302\/revisions\/1304"}],"wp:featuredmedia":[{"embeddable":true,"href":"https:\/\/lametro989.com\/index.php?rest_route=\/wp\/v2\/media\/1303"}],"wp:attachment":[{"href":"https:\/\/lametro989.com\/index.php?rest_route=%2Fwp%2Fv2%2Fmedia&parent=1302"}],"wp:term":[{"taxonomy":"category","embeddable":true,"href":"https:\/\/lametro989.com\/index.php?rest_route=%2Fwp%2Fv2%2Fcategories&post=1302"},{"taxonomy":"post_tag","embeddable":true,"href":"https:\/\/lametro989.com\/index.php?rest_route=%2Fwp%2Fv2%2Ftags&post=1302"}],"curies":[{"name":"wp","href":"https:\/\/api.w.org\/{rel}","templated":true}]}}