{"id":1305,"date":"2023-07-17T19:45:48","date_gmt":"2023-07-17T22:45:48","guid":{"rendered":"https:\/\/lametro989.com\/?p=1305"},"modified":"2023-07-17T19:45:48","modified_gmt":"2023-07-17T22:45:48","slug":"que-dijo-cristina-kirchner-sobre-lionel-messi-antonela-roccuzzo-y-el-salmon-chileno","status":"publish","type":"post","link":"https:\/\/lametro989.com\/?p=1305","title":{"rendered":"Qu\u00e9 dijo Cristina Kirchner sobre Lionel Messi, Antonela Roccuzzo y el salm\u00f3n chileno"},"content":{"rendered":"\n<p>La Vicepresidenta particip\u00f3 de un acto junto a Sergio Massa y defendi\u00f3 a Aerol\u00edneas Argentinas.<\/p>\n\n\n\n<figure class=\"wp-block-image size-full\"><img loading=\"lazy\" decoding=\"async\" width=\"610\" height=\"343\" src=\"https:\/\/lametro989.com\/wp-content\/uploads\/2023\/07\/imagen-203.png\" alt=\"\" class=\"wp-image-1306\" srcset=\"https:\/\/lametro989.com\/wp-content\/uploads\/2023\/07\/imagen-203.png 610w, https:\/\/lametro989.com\/wp-content\/uploads\/2023\/07\/imagen-203-300x169.png 300w\" sizes=\"auto, (max-width: 610px) 100vw, 610px\" \/><\/figure>\n\n\n\n<p>La vicepresidenta <strong>Cristina Kirchner<\/strong> particip\u00f3 de un acto junto a <strong>Sergio Massa<\/strong> en el Centro de Formaci\u00f3n Profesional de <strong>Aerol\u00edneas Argentinas<\/strong>, y puso un ejemplo que incluy\u00f3 a Lionel Messi y a Antonela.<\/p>\n\n\n\n<p><strong>\u201cAerol\u00edneas Argentina, con su servicio de cargo, ahora transporta permite que el salm\u00f3n chileno a trav\u00e9s del aeropuerto de El Calafate directo para Miami.<\/strong> No solamente es para inversores, o empresarios nacionales sino tambi\u00e9n para un producto tan t\u00edpico como es el salm\u00f3n chileno\u201d, comenz\u00f3 diciendo la Vicepresidenta. <\/p>\n\n\n\n<p><strong>Y agreg\u00f3: &#8220;Ahora, el salm\u00f3n chileno lo va a consumir Messi y Antonela, as\u00ed que espero que les guste el salm\u00f3n, es de Chile y pasa por Calafate\u201d.<\/strong><\/p>\n\n\n\n<figure class=\"wp-block-embed is-type-video is-provider-youtube wp-block-embed-youtube wp-embed-aspect-16-9 wp-has-aspect-ratio\"><div class=\"wp-block-embed__wrapper\">\n<iframe loading=\"lazy\" title=\"CRISTINA mencion\u00f3 a MESSI y ANTONELA en su discurso\" width=\"790\" height=\"444\" src=\"https:\/\/www.youtube.com\/embed\/C68IiTufyJo?feature=oembed\" frameborder=\"0\" allow=\"accelerometer; autoplay; clipboard-write; encrypted-media; gyroscope; picture-in-picture; web-share\" allowfullscreen><\/iframe>\n<\/div><\/figure>\n\n\n\n<p>Al hablar de la reestatizaci\u00f3n de la aerol\u00ednea de bandera durante su presidencia, Kirchner afirm\u00f3: <strong>&#8220;No fue una decisi\u00f3n ideol\u00f3gica ni dogm\u00e1tica, sino pragm\u00e1tica de gesti\u00f3n econ\u00f3mica&#8221;,<\/strong> e indic\u00f3 que en el 2008<strong>, el Estado &#8220;pagaba los salarios y el combustible de los aviones&#8221; mientras la empresa continuaba siendo privada.<\/strong><\/p>\n\n\n\n<p>En este sentido, Cristina Kirchner cuestion\u00f3 a los dirigentes de la oposici\u00f3n que proponen volver a privatizar Aerol\u00edneas Argentinas, y remarc\u00f3: <strong>&#8220;Cuando escucho a alguno diciendo que van a privatizar&#8230; ya lo hicieron y fue horrible, fue ruinoso para el pa\u00eds y tambi\u00e9n para la conectividad argentina&#8221;.<\/strong><\/p>\n\n\n\n<p>&#8220;El turismo es una de las actividades que m\u00e1s trabajo demanda. Es el esparcimiento y eso genera mucho&#8221;, enfatiz\u00f3 sobre la rentabilidad de la aerol\u00ednea.<\/p>\n","protected":false},"excerpt":{"rendered":"<p>La Vicepresidenta particip\u00f3 de un acto junto a Sergio Massa y defendi\u00f3 a Aerol\u00edneas Argentinas. La vicepresidenta Cristina Kirchner particip\u00f3 de un acto junto a&hellip; <\/p>\n","protected":false},"author":2,"featured_media":1306,"comment_status":"open","ping_status":"open","sticky":false,"template":"","format":"standard","meta":{"footnotes":""},"categories":[5],"tags":[],"class_list":["post-1305","post","type-post","status-publish","format-standard","has-post-thumbnail","hentry","category-politica"],"_links":{"self":[{"href":"https:\/\/lametro989.com\/index.php?rest_route=\/wp\/v2\/posts\/1305","targetHints":{"allow":["GET"]}}],"collection":[{"href":"https:\/\/lametro989.com\/index.php?rest_route=\/wp\/v2\/posts"}],"about":[{"href":"https:\/\/lametro989.com\/index.php?rest_route=\/wp\/v2\/types\/post"}],"author":[{"embeddable":true,"href":"https:\/\/lametro989.com\/index.php?rest_route=\/wp\/v2\/users\/2"}],"replies":[{"embeddable":true,"href":"https:\/\/lametro989.com\/index.php?rest_route=%2Fwp%2Fv2%2Fcomments&post=1305"}],"version-history":[{"count":1,"href":"https:\/\/lametro989.com\/index.php?rest_route=\/wp\/v2\/posts\/1305\/revisions"}],"predecessor-version":[{"id":1307,"href":"https:\/\/lametro989.com\/index.php?rest_route=\/wp\/v2\/posts\/1305\/revisions\/1307"}],"wp:featuredmedia":[{"embeddable":true,"href":"https:\/\/lametro989.com\/index.php?rest_route=\/wp\/v2\/media\/1306"}],"wp:attachment":[{"href":"https:\/\/lametro989.com\/index.php?rest_route=%2Fwp%2Fv2%2Fmedia&parent=1305"}],"wp:term":[{"taxonomy":"category","embeddable":true,"href":"https:\/\/lametro989.com\/index.php?rest_route=%2Fwp%2Fv2%2Fcategories&post=1305"},{"taxonomy":"post_tag","embeddable":true,"href":"https:\/\/lametro989.com\/index.php?rest_route=%2Fwp%2Fv2%2Ftags&post=1305"}],"curies":[{"name":"wp","href":"https:\/\/api.w.org\/{rel}","templated":true}]}}