{"id":1334,"date":"2023-07-18T22:10:57","date_gmt":"2023-07-19T01:10:57","guid":{"rendered":"https:\/\/lametro989.com\/?p=1334"},"modified":"2023-07-18T22:10:57","modified_gmt":"2023-07-19T01:10:57","slug":"for-ever-se-prepara-para-un-partido-clave-el-domingo-frente-a-tristan-suarez","status":"publish","type":"post","link":"https:\/\/lametro989.com\/?p=1334","title":{"rendered":"For Ever se prepara para un partido clave: el domingo, frente a Trist\u00e1n Su\u00e1rez"},"content":{"rendered":"\n<p>For Ever jugar\u00e1 este fin de semana un partido clave para sus aspiraciones de mantener la categor\u00eda. El equipo de Diego Osella viene de dos triunfos consecutivos de local y buscar\u00e1 frente a Trist\u00e1n Su\u00e1rez este domingo mantener esa fortaleza en el Gigante de la Avenida.<\/p>\n\n\n\n<figure class=\"wp-block-image size-full\"><img loading=\"lazy\" decoding=\"async\" width=\"712\" height=\"890\" src=\"https:\/\/lametro989.com\/wp-content\/uploads\/2023\/07\/imagen-213.png\" alt=\"\" class=\"wp-image-1335\" srcset=\"https:\/\/lametro989.com\/wp-content\/uploads\/2023\/07\/imagen-213.png 712w, https:\/\/lametro989.com\/wp-content\/uploads\/2023\/07\/imagen-213-240x300.png 240w\" sizes=\"auto, (max-width: 712px) 100vw, 712px\" \/><\/figure>\n\n\n\n<p>Hoy se conocieron los encargados de impartir justicia. El \u00e1rbitro ser\u00e1 Emanuel Ejarque, asistente 1: Nicol\u00e1s Rosaminer y asistente 2: Ram\u00f3n Ortiz. En tanto, el cuarto \u00e1rbitro ser\u00e1 Franco Mor\u00f3n.<\/p>\n\n\n\n<p>Con 22 partidos jugados, For Ever se ubica fuera de zona de promoci\u00f3n y de descenso directo. Suma 19 puntos, con la incidencia que a\u00fan no conoce lo que es cosechar puntos jugando en condici\u00f3n de visitante en esta temporada de la Primera Nacional de F\u00fatbol. En tanto, su rival del domingo, desde las 16, en el estadio de avenida 9 de Julio 2222 se ubica en el puesto 17 (zona de promoci\u00f3n) con 17 unidades; mientras que Villa D\u00e1lmine \u2013con 16 puntos actualmente- estar\u00eda descendiendo de categor\u00eda.<\/p>\n\n\n\n<p>Entre las novedades, se destaca que el Negro de Villa San Juan incorpor\u00f3 a Brian Nievas. El volante central llega a pr\u00e9stamo desde Patronato de Paran\u00e1, hasta el 31 de diciembre de 2023, tras la autorizaci\u00f3n de incorporaci\u00f3n por reemplazo, debido a la lesi\u00f3n de David Valdez.<\/p>\n","protected":false},"excerpt":{"rendered":"<p>For Ever jugar\u00e1 este fin de semana un partido clave para sus aspiraciones de mantener la categor\u00eda. El equipo de Diego Osella viene de dos&hellip; <\/p>\n","protected":false},"author":2,"featured_media":1335,"comment_status":"open","ping_status":"open","sticky":false,"template":"","format":"standard","meta":{"footnotes":""},"categories":[10,9],"tags":[],"class_list":["post-1334","post","type-post","status-publish","format-standard","has-post-thumbnail","hentry","category-deportes","category-destacadas"],"_links":{"self":[{"href":"https:\/\/lametro989.com\/index.php?rest_route=\/wp\/v2\/posts\/1334","targetHints":{"allow":["GET"]}}],"collection":[{"href":"https:\/\/lametro989.com\/index.php?rest_route=\/wp\/v2\/posts"}],"about":[{"href":"https:\/\/lametro989.com\/index.php?rest_route=\/wp\/v2\/types\/post"}],"author":[{"embeddable":true,"href":"https:\/\/lametro989.com\/index.php?rest_route=\/wp\/v2\/users\/2"}],"replies":[{"embeddable":true,"href":"https:\/\/lametro989.com\/index.php?rest_route=%2Fwp%2Fv2%2Fcomments&post=1334"}],"version-history":[{"count":1,"href":"https:\/\/lametro989.com\/index.php?rest_route=\/wp\/v2\/posts\/1334\/revisions"}],"predecessor-version":[{"id":1336,"href":"https:\/\/lametro989.com\/index.php?rest_route=\/wp\/v2\/posts\/1334\/revisions\/1336"}],"wp:featuredmedia":[{"embeddable":true,"href":"https:\/\/lametro989.com\/index.php?rest_route=\/wp\/v2\/media\/1335"}],"wp:attachment":[{"href":"https:\/\/lametro989.com\/index.php?rest_route=%2Fwp%2Fv2%2Fmedia&parent=1334"}],"wp:term":[{"taxonomy":"category","embeddable":true,"href":"https:\/\/lametro989.com\/index.php?rest_route=%2Fwp%2Fv2%2Fcategories&post=1334"},{"taxonomy":"post_tag","embeddable":true,"href":"https:\/\/lametro989.com\/index.php?rest_route=%2Fwp%2Fv2%2Ftags&post=1334"}],"curies":[{"name":"wp","href":"https:\/\/api.w.org\/{rel}","templated":true}]}}