{"id":1337,"date":"2023-07-18T22:17:03","date_gmt":"2023-07-19T01:17:03","guid":{"rendered":"https:\/\/lametro989.com\/?p=1337"},"modified":"2023-07-18T22:17:03","modified_gmt":"2023-07-19T01:17:03","slug":"cae-una-avioneta-con-324-kilos-de-cocaina-en-un-campo-en-avia-terai","status":"publish","type":"post","link":"https:\/\/lametro989.com\/?p=1337","title":{"rendered":"Cae una avioneta con 324 kilos de coca\u00edna en un campo en Avia Terai"},"content":{"rendered":"\n<p>El cargamento fue secuestrado dentro de la aeronave, que no ten\u00eda ocupantes a bordo. Los investigadores buscan determinar hacia d\u00f3nde se dirig\u00eda el cargamento y el paradero del piloto.<\/p>\n\n\n\n<figure class=\"wp-block-image size-full\"><img loading=\"lazy\" decoding=\"async\" width=\"696\" height=\"435\" src=\"https:\/\/lametro989.com\/wp-content\/uploads\/2023\/07\/imagen-214.png\" alt=\"\" class=\"wp-image-1338\" srcset=\"https:\/\/lametro989.com\/wp-content\/uploads\/2023\/07\/imagen-214.png 696w, https:\/\/lametro989.com\/wp-content\/uploads\/2023\/07\/imagen-214-300x188.png 300w\" sizes=\"auto, (max-width: 696px) 100vw, 696px\" \/><\/figure>\n\n\n\n<p><strong>Un cargamento de 324 kilos de coca\u00edna fue secuestrado este martes dentro de una avioneta que cay\u00f3 en un campo sin ocupantes a bordo<\/strong>, en la localidad de Avia Terai, y se investiga a d\u00f3nde se dirig\u00eda la droga, informaron fuentes judiciales.<\/p>\n\n\n\n<p>El hecho ocurri\u00f3 en la tarde de este martes, alrededor de las 16, a <strong>5 kil\u00f3metros de la mencionada localidad del Departamento Independencia<\/strong> y de la ruta nacional 16, en cercan\u00edas de una escuela primaria.<\/p>\n\n\n\n<p>Fuentes judiciales informaron que la avioneta cay\u00f3 al lugar <strong>sin ocupantes a bordo<\/strong> y lugare\u00f1os de la zona alertaron a la Polic\u00eda. Al llegar, <strong>los efectivos encontraron la avioneta de bandera boliviana de manera invertida y con cientos de panes de droga.<\/strong><\/p>\n\n\n\n<p>En total, la Polic\u00eda secuestr\u00f3 <strong>324 kilos de coca\u00edna<\/strong> que quedaron a disposici\u00f3n de la justicia federal. Los investigadores procuraban determinar <strong>hacia d\u00f3nde se dirig\u00eda el cargamento y el paradero del piloto.<\/strong><\/p>\n\n\n\n<p><strong><em>Fuente: T\u00e9lam<\/em><\/strong><\/p>\n","protected":false},"excerpt":{"rendered":"<p>El cargamento fue secuestrado dentro de la aeronave, que no ten\u00eda ocupantes a bordo. Los investigadores buscan determinar hacia d\u00f3nde se dirig\u00eda el cargamento y&hellip; <\/p>\n","protected":false},"author":2,"featured_media":1338,"comment_status":"open","ping_status":"open","sticky":false,"template":"","format":"standard","meta":{"footnotes":""},"categories":[9,2],"tags":[],"class_list":["post-1337","post","type-post","status-publish","format-standard","has-post-thumbnail","hentry","category-destacadas","category-provinciales"],"_links":{"self":[{"href":"https:\/\/lametro989.com\/index.php?rest_route=\/wp\/v2\/posts\/1337","targetHints":{"allow":["GET"]}}],"collection":[{"href":"https:\/\/lametro989.com\/index.php?rest_route=\/wp\/v2\/posts"}],"about":[{"href":"https:\/\/lametro989.com\/index.php?rest_route=\/wp\/v2\/types\/post"}],"author":[{"embeddable":true,"href":"https:\/\/lametro989.com\/index.php?rest_route=\/wp\/v2\/users\/2"}],"replies":[{"embeddable":true,"href":"https:\/\/lametro989.com\/index.php?rest_route=%2Fwp%2Fv2%2Fcomments&post=1337"}],"version-history":[{"count":1,"href":"https:\/\/lametro989.com\/index.php?rest_route=\/wp\/v2\/posts\/1337\/revisions"}],"predecessor-version":[{"id":1339,"href":"https:\/\/lametro989.com\/index.php?rest_route=\/wp\/v2\/posts\/1337\/revisions\/1339"}],"wp:featuredmedia":[{"embeddable":true,"href":"https:\/\/lametro989.com\/index.php?rest_route=\/wp\/v2\/media\/1338"}],"wp:attachment":[{"href":"https:\/\/lametro989.com\/index.php?rest_route=%2Fwp%2Fv2%2Fmedia&parent=1337"}],"wp:term":[{"taxonomy":"category","embeddable":true,"href":"https:\/\/lametro989.com\/index.php?rest_route=%2Fwp%2Fv2%2Fcategories&post=1337"},{"taxonomy":"post_tag","embeddable":true,"href":"https:\/\/lametro989.com\/index.php?rest_route=%2Fwp%2Fv2%2Ftags&post=1337"}],"curies":[{"name":"wp","href":"https:\/\/api.w.org\/{rel}","templated":true}]}}