{"id":1345,"date":"2023-07-18T22:30:27","date_gmt":"2023-07-19T01:30:27","guid":{"rendered":"https:\/\/lametro989.com\/?p=1345"},"modified":"2023-07-18T22:30:27","modified_gmt":"2023-07-19T01:30:27","slug":"el-rival-de-river-en-copa-libertadores-despidio-a-su-dt-eduardo-coudet-sera-su-reemplazante","status":"publish","type":"post","link":"https:\/\/lametro989.com\/?p=1345","title":{"rendered":"El rival de River en Copa Libertadores despidi\u00f3 a su DT: Eduardo Coudet ser\u00e1 su reemplazante"},"content":{"rendered":"\n<p>Internacional de Porto Alegre, rival de <strong>River Plate<\/strong> por octavos de final de la Copa Libertadores, anunci\u00f3 en sus redes sociales que <strong>lleg\u00f3 a un acuerdo con el exentrenador &#8220;Mano&#8221; Menezes para rescindir su contrato<\/strong>\u00a0. La dirigencia brasilera se movi\u00f3 r\u00e1pidamente y <strong>ya cerr\u00f3 un acuerdo con su reemplazante<\/strong>: ser\u00e1 el argentino y exjugador de River, <strong>Eduardo Coudet<\/strong>, que ya tuvo un paso por en el banquillo del equipo colorado en 2020.<\/p>\n\n\n\n<figure class=\"wp-block-image size-full\"><img loading=\"lazy\" decoding=\"async\" width=\"850\" height=\"567\" src=\"https:\/\/lametro989.com\/wp-content\/uploads\/2023\/07\/imagen-216.png\" alt=\"\" class=\"wp-image-1346\" srcset=\"https:\/\/lametro989.com\/wp-content\/uploads\/2023\/07\/imagen-216.png 850w, https:\/\/lametro989.com\/wp-content\/uploads\/2023\/07\/imagen-216-300x200.png 300w, https:\/\/lametro989.com\/wp-content\/uploads\/2023\/07\/imagen-216-768x512.png 768w\" sizes=\"auto, (max-width: 850px) 100vw, 850px\" \/><\/figure>\n\n\n\n<p>El brasile\u00f1o<strong>dej\u00f3 su cargo tras poco m\u00e1s de un a\u00f1o<\/strong>&nbsp;, ya que asumi\u00f3 en abril del a\u00f1o pasado. En total, fueron 81 partidos los que dirigi\u00f3 Menezes en Inter, dejando un balance de <strong>39 victorias, 28 empates y 14 derrotas<\/strong>. Adem\u00e1s, su \u00faltimo partido al mando del conjunto brasile\u00f1o fue el domingo por la fecha 15 del Brasileirao, donde empat\u00f3 0-0 contra Palmeiras.<\/p>\n\n\n\n<figure class=\"wp-block-image\"><img decoding=\"async\" src=\"https:\/\/www.diariochaco.com\/content\/bucket\/1\/580421w790h553c.jpg.webp\" alt=\"\"\/><figcaption class=\"wp-element-caption\">Mano Menezes, ahora exentrenador de Internacional de Porto Alegre.<\/figcaption><\/figure>\n\n\n\n<p>La decisi\u00f3n del club de Porto Alegre <strong>tom\u00f3 por sorpresa a todos<\/strong>\u00a0, sobre todo por el momento que eligi\u00f3 para hacer el anuncio, teniendo en cuenta que en dos semanas Inter deber\u00e1 enfrentar a River por los octavos de final de la Copa Libertadores. <strong>Los partidos entre ambos equipos se jugar\u00e1n entre el 1 y el 8 de agosto<\/strong>\u00a0. Primero el Millonario har\u00e1 de local, luego el equipo brasile\u00f1o cerrar\u00e1 la llave en su casa.Coudet<strong> firm\u00f3 contrato hasta diciembre de 2024<\/strong>\u00a0 y debutar\u00e1 este domingo frente a Bragantino. El martes 1 de agosto visitar\u00e1 a River en el Monumental por los octavos de final de la Copa Libertadores. La revancha se jugar\u00e1 siete d\u00edas despu\u00e9s en Porto Alegre.<\/p>\n","protected":false},"excerpt":{"rendered":"<p>Internacional de Porto Alegre, rival de River Plate por octavos de final de la Copa Libertadores, anunci\u00f3 en sus redes sociales que lleg\u00f3 a un&hellip; <\/p>\n","protected":false},"author":2,"featured_media":1346,"comment_status":"open","ping_status":"open","sticky":false,"template":"","format":"standard","meta":{"footnotes":""},"categories":[13],"tags":[],"class_list":["post-1345","post","type-post","status-publish","format-standard","has-post-thumbnail","hentry","category-nacionales"],"_links":{"self":[{"href":"https:\/\/lametro989.com\/index.php?rest_route=\/wp\/v2\/posts\/1345","targetHints":{"allow":["GET"]}}],"collection":[{"href":"https:\/\/lametro989.com\/index.php?rest_route=\/wp\/v2\/posts"}],"about":[{"href":"https:\/\/lametro989.com\/index.php?rest_route=\/wp\/v2\/types\/post"}],"author":[{"embeddable":true,"href":"https:\/\/lametro989.com\/index.php?rest_route=\/wp\/v2\/users\/2"}],"replies":[{"embeddable":true,"href":"https:\/\/lametro989.com\/index.php?rest_route=%2Fwp%2Fv2%2Fcomments&post=1345"}],"version-history":[{"count":1,"href":"https:\/\/lametro989.com\/index.php?rest_route=\/wp\/v2\/posts\/1345\/revisions"}],"predecessor-version":[{"id":1347,"href":"https:\/\/lametro989.com\/index.php?rest_route=\/wp\/v2\/posts\/1345\/revisions\/1347"}],"wp:featuredmedia":[{"embeddable":true,"href":"https:\/\/lametro989.com\/index.php?rest_route=\/wp\/v2\/media\/1346"}],"wp:attachment":[{"href":"https:\/\/lametro989.com\/index.php?rest_route=%2Fwp%2Fv2%2Fmedia&parent=1345"}],"wp:term":[{"taxonomy":"category","embeddable":true,"href":"https:\/\/lametro989.com\/index.php?rest_route=%2Fwp%2Fv2%2Fcategories&post=1345"},{"taxonomy":"post_tag","embeddable":true,"href":"https:\/\/lametro989.com\/index.php?rest_route=%2Fwp%2Fv2%2Ftags&post=1345"}],"curies":[{"name":"wp","href":"https:\/\/api.w.org\/{rel}","templated":true}]}}