{"id":1354,"date":"2023-07-18T22:38:10","date_gmt":"2023-07-19T01:38:10","guid":{"rendered":"https:\/\/lametro989.com\/?p=1354"},"modified":"2023-07-18T22:38:10","modified_gmt":"2023-07-19T01:38:10","slug":"larreta-respondio-la-carta-del-espacio-de-bullrich-para-ganarle-al-kirchnerismo-hay-que-estar-juntos","status":"publish","type":"post","link":"https:\/\/lametro989.com\/?p=1354","title":{"rendered":"Larreta respondi\u00f3 la carta del espacio de Bullrich: &#8220;Para ganarle al kirchnerismo hay que estar juntos&#8221;"},"content":{"rendered":"\n<p>La respuesta lleg\u00f3 tras los reclamos de los dirigentes por las declaraciones de Juan Manuel L\u00f3pez, de la Coalici\u00f3n C\u00edvica, quien afirm\u00f3 que un gobierno de Bullrich podr\u00eda terminar como lo sucedido con el ex presidente De la R\u00faa.<\/p>\n\n\n\n<figure class=\"wp-block-image size-full\"><img loading=\"lazy\" decoding=\"async\" width=\"850\" height=\"478\" src=\"https:\/\/lametro989.com\/wp-content\/uploads\/2023\/07\/imagen-219.png\" alt=\"\" class=\"wp-image-1355\" srcset=\"https:\/\/lametro989.com\/wp-content\/uploads\/2023\/07\/imagen-219.png 850w, https:\/\/lametro989.com\/wp-content\/uploads\/2023\/07\/imagen-219-300x169.png 300w, https:\/\/lametro989.com\/wp-content\/uploads\/2023\/07\/imagen-219-768x432.png 768w\" sizes=\"auto, (max-width: 850px) 100vw, 850px\" \/><\/figure>\n\n\n\n<p>El precandidato a presidente y jefe de Gobierno porte\u00f1o, <strong>Horacio Rodr\u00edguez Larreta<\/strong>, respondi\u00f3 los reclamos de los dirigentes alineados con <strong>Patricia Bullrich<\/strong> tras los dichos del jefe de bloque de la Coalici\u00f3n C\u00edvica en Diputados, Juan Manuel L\u00f3pez, cercano a Elisa Carri\u00f3, cuando afirm\u00f3 que un gobierno de <strong>Bullrich<\/strong> podr\u00eda terminar como el de De la R\u00faa. <\/p>\n\n\n\n<p>En este sentido, Larreta expres\u00f3: <strong>&#8220;Siempre estamos del lado de la paz, no escucharon ni un comentario ni una cr\u00edtica personal<\/strong>, jam\u00e1s dije un agravio de nadie, no lo hice ni lo voy a hacer, no es bueno para el pa\u00eds, por mas que otros u otras lo hagan conmigo&#8221;.<\/p>\n\n\n\n<p>En un llamado a la unidad, dijo: <strong>&#8220;Para ganarle las elecciones al kirchnerismo, tenemos que estar juntos&#8221;<\/strong>. Y agreg\u00f3: &#8220;No es desde la prepotencia que vamos a construir un cambio, es construyendo mayor\u00edas&#8221;. <\/p>\n\n\n\n<p>Seg\u00fan afirm\u00f3 en su misiva, su espacio propone &#8220;un camino diferente&#8221; caracterizado por &#8220;la paz, la acci\u00f3n, la convivencia democr\u00e1tica, del que vale la opini\u00f3n del otro&#8221;. <strong>&#8220;La paz en lugar de la violencia, los hechos en vez de los dichos&#8221;<\/strong>, se\u00f1al\u00f3.<\/p>\n\n\n\n<p>Sin embargo, ratific\u00f3: <strong>&#8220;Con el kirchnerismo no hay ninguna posibilidad de acordar nada<\/strong>, son s\u00f3lo amigos de Venezuela y Cuba o creen que van a bajar la inflaci\u00f3n mandado patoteros de La Campora a los supermercados&#8221;.<\/p>\n\n\n\n<p>Minutos antes, desde el sector de Bullrich lanzaron un comunicado titulado &#8220;Cuidemos Juntos por el Cambio&#8221;, donde los legisladores y precandidatos de la ex ministra de Seguridad salieron al cruce por las declaraciones de L\u00f3pez. En este sentido, le reclamaron que <strong>&#8220;con la mayor fuerza posible, inste a los miembros de su sector que mantengan diferencias internas en el \u00e1mbito democr\u00e1tico&#8221;.<\/strong><ins><\/ins><\/p>\n\n\n\n<p>&#8220;No hay aporte para el futuro en persistir con expresiones que absolutamente nada tienen que ver con la sana competencia interna&#8221;, afirmaron e insistieron con una <strong>&#8220;r\u00e1pida y tajante retractaci\u00f3n p\u00fablica&#8221;.<\/strong><\/p>\n\n\n\n<p>Esta carta de los allegados a Bullrich llev\u00f3 las firmas de Maximiliano Guerra, Cristian Ritondo, N\u00e9stor Grindetti, Maximiliano Abad, Federico Angelini, Dami\u00e1n Arabia y Federico Pinedo, entre otros.<\/p>\n","protected":false},"excerpt":{"rendered":"<p>La respuesta lleg\u00f3 tras los reclamos de los dirigentes por las declaraciones de Juan Manuel L\u00f3pez, de la Coalici\u00f3n C\u00edvica, quien afirm\u00f3 que un gobierno&hellip; <\/p>\n","protected":false},"author":2,"featured_media":1355,"comment_status":"open","ping_status":"open","sticky":false,"template":"","format":"standard","meta":{"footnotes":""},"categories":[9,5],"tags":[],"class_list":["post-1354","post","type-post","status-publish","format-standard","has-post-thumbnail","hentry","category-destacadas","category-politica"],"_links":{"self":[{"href":"https:\/\/lametro989.com\/index.php?rest_route=\/wp\/v2\/posts\/1354","targetHints":{"allow":["GET"]}}],"collection":[{"href":"https:\/\/lametro989.com\/index.php?rest_route=\/wp\/v2\/posts"}],"about":[{"href":"https:\/\/lametro989.com\/index.php?rest_route=\/wp\/v2\/types\/post"}],"author":[{"embeddable":true,"href":"https:\/\/lametro989.com\/index.php?rest_route=\/wp\/v2\/users\/2"}],"replies":[{"embeddable":true,"href":"https:\/\/lametro989.com\/index.php?rest_route=%2Fwp%2Fv2%2Fcomments&post=1354"}],"version-history":[{"count":1,"href":"https:\/\/lametro989.com\/index.php?rest_route=\/wp\/v2\/posts\/1354\/revisions"}],"predecessor-version":[{"id":1356,"href":"https:\/\/lametro989.com\/index.php?rest_route=\/wp\/v2\/posts\/1354\/revisions\/1356"}],"wp:featuredmedia":[{"embeddable":true,"href":"https:\/\/lametro989.com\/index.php?rest_route=\/wp\/v2\/media\/1355"}],"wp:attachment":[{"href":"https:\/\/lametro989.com\/index.php?rest_route=%2Fwp%2Fv2%2Fmedia&parent=1354"}],"wp:term":[{"taxonomy":"category","embeddable":true,"href":"https:\/\/lametro989.com\/index.php?rest_route=%2Fwp%2Fv2%2Fcategories&post=1354"},{"taxonomy":"post_tag","embeddable":true,"href":"https:\/\/lametro989.com\/index.php?rest_route=%2Fwp%2Fv2%2Ftags&post=1354"}],"curies":[{"name":"wp","href":"https:\/\/api.w.org\/{rel}","templated":true}]}}