{"id":1357,"date":"2023-07-18T22:45:09","date_gmt":"2023-07-19T01:45:09","guid":{"rendered":"https:\/\/lametro989.com\/?p=1357"},"modified":"2023-07-18T22:45:09","modified_gmt":"2023-07-19T01:45:09","slug":"el-pedido-a-alberto-fernandez-la-intervencion-federal-de-jujuy-es-el-remedio-institucional","status":"publish","type":"post","link":"https:\/\/lametro989.com\/?p=1357","title":{"rendered":"El pedido a Alberto Fern\u00e1ndez: \u2018\u2018La intervenci\u00f3n Federal de Jujuy es el remedio institucional\u2019\u2019"},"content":{"rendered":"\n<p>Organizaciones de derechos humanos, judiciales, universitarias y sociales le\u00a0<strong>pidieron hoy al presidente, Alberto Fern\u00e1ndez, la intervenci\u00f3n federal de la provincia de Jujuy<\/strong>\u00a0ante la sanci\u00f3n de una reforma constitucional que consideran violatoria de la Carta Magna nacional.<\/p>\n\n\n\n<figure class=\"wp-block-image size-full\"><img loading=\"lazy\" decoding=\"async\" width=\"696\" height=\"464\" src=\"https:\/\/lametro989.com\/wp-content\/uploads\/2023\/07\/imagen-220.png\" alt=\"\" class=\"wp-image-1358\" srcset=\"https:\/\/lametro989.com\/wp-content\/uploads\/2023\/07\/imagen-220.png 696w, https:\/\/lametro989.com\/wp-content\/uploads\/2023\/07\/imagen-220-300x200.png 300w\" sizes=\"auto, (max-width: 696px) 100vw, 696px\" \/><\/figure>\n\n\n\n<p>\u201c<strong>En resguardo del orden constitucional y la vida democr\u00e1tica<\/strong>&nbsp;es que le reclamamos la iniciativa, como Poder Ejecutivo Nacional, de impulsar la intervenci\u00f3n federal, a los tres poderes de la Provincia de Jujuy, conforme lo establece la Constituci\u00f3n Nacional\u201d, sostiene la carta abierta.<\/p>\n\n\n\n<p>\u201c<strong>La intervenci\u00f3n Federal es el remedio institucional<\/strong>, materia de competencia del Poder Legislativo, que ya tiene radicados proyectos en ese sentido. Pero el Presidente de la Naci\u00f3n tiene facultades propias como co-legislador para elevar proyectos al Congreso Nacional, y eso es precisamente lo que venimos a reclamarle\u201d, a\u00f1ade el texto.<\/p>\n\n\n\n<p>El documento fue firmado por\u00a0<strong>Cristina Caama\u00f1o, presidenta de Justicia Leg\u00edtima; Eduardo Barcesat, docente de la UBA y Constituyente en 1994; Iris Avellaneda, titular de la Liga Argentina por los Derechos Humanos; Claudia Rocca, por la Asociaci\u00f3n Americana de Juristas; \u00a0Hugo \u201cCachorro\u201d Godoy, Secretario General CTA-A; Jos\u00e9 Schulman, por la Liga Argentina por los Derechos Humanos y el sacerdote Francisco \u201cPaco\u201d Olveira Fuster<\/strong>, por el grupo de Curas en Opci\u00f3n por los Pobres, entre otras personalidades.<\/p>\n\n\n\n<p>\u201c<strong>De ninguna manera permaneceremos callados<\/strong>&nbsp;cuando est\u00e1n en juego esos valores de la vida y la libertad tutelados por la Constituci\u00f3n Nacional y los Tratados Internacionales de Derechos Humanos\u201d, advirti\u00f3 la nota.<\/p>\n\n\n\n<p>Los episodios en Jujuy \u2013agrega el documento- \u201csit\u00faan a la Argentina en una&nbsp;<strong>deleznable situaci\u00f3n de retroceso institucional<\/strong>, justamente cuando estamos cumpliendo 40 a\u00f1os de vida democr\u00e1tica sellada por una expresi\u00f3n de nuestro pueblo: NUNCA M\u00c1S\u201d.<\/p>\n\n\n\n<p>La carta abierta cuestiona que la Convenci\u00f3n Constituyente de Jujuy \u201cno puede ser convertida en una actividad refrendataria de un texto dise\u00f1ado desde el poder hegem\u00f3nico de esa Provincia de Jujuy,&nbsp;<strong>con episodios delirantes como el de modificarla una vez juramentada<\/strong>\u201d.<\/p>\n\n\n\n<p>\u201cLa pretensa reforma constitucional hiere el deber de obediencia a la supremac\u00eda de la Constituci\u00f3n Nacional, tanto en lo que ata\u00f1e a&nbsp;<strong>la custodia de los derechos a la vida, a la libertad, a la integridad f\u00edsica y ps\u00edquica de sus habitantes<\/strong>, como al debido proceso judiciario, el ejercicio de la abogac\u00eda, la custodia como bienes del dominio p\u00fablico de las riquezas y recursos naturales existentes en el territorio provincial\u201d, subray\u00f3 el texto.<\/p>\n","protected":false},"excerpt":{"rendered":"<p>Organizaciones de derechos humanos, judiciales, universitarias y sociales le\u00a0pidieron hoy al presidente, Alberto Fern\u00e1ndez, la intervenci\u00f3n federal de la provincia de Jujuy\u00a0ante la sanci\u00f3n de&hellip; <\/p>\n","protected":false},"author":2,"featured_media":1358,"comment_status":"open","ping_status":"open","sticky":false,"template":"","format":"standard","meta":{"footnotes":""},"categories":[5],"tags":[],"class_list":["post-1357","post","type-post","status-publish","format-standard","has-post-thumbnail","hentry","category-politica"],"_links":{"self":[{"href":"https:\/\/lametro989.com\/index.php?rest_route=\/wp\/v2\/posts\/1357","targetHints":{"allow":["GET"]}}],"collection":[{"href":"https:\/\/lametro989.com\/index.php?rest_route=\/wp\/v2\/posts"}],"about":[{"href":"https:\/\/lametro989.com\/index.php?rest_route=\/wp\/v2\/types\/post"}],"author":[{"embeddable":true,"href":"https:\/\/lametro989.com\/index.php?rest_route=\/wp\/v2\/users\/2"}],"replies":[{"embeddable":true,"href":"https:\/\/lametro989.com\/index.php?rest_route=%2Fwp%2Fv2%2Fcomments&post=1357"}],"version-history":[{"count":1,"href":"https:\/\/lametro989.com\/index.php?rest_route=\/wp\/v2\/posts\/1357\/revisions"}],"predecessor-version":[{"id":1359,"href":"https:\/\/lametro989.com\/index.php?rest_route=\/wp\/v2\/posts\/1357\/revisions\/1359"}],"wp:featuredmedia":[{"embeddable":true,"href":"https:\/\/lametro989.com\/index.php?rest_route=\/wp\/v2\/media\/1358"}],"wp:attachment":[{"href":"https:\/\/lametro989.com\/index.php?rest_route=%2Fwp%2Fv2%2Fmedia&parent=1357"}],"wp:term":[{"taxonomy":"category","embeddable":true,"href":"https:\/\/lametro989.com\/index.php?rest_route=%2Fwp%2Fv2%2Fcategories&post=1357"},{"taxonomy":"post_tag","embeddable":true,"href":"https:\/\/lametro989.com\/index.php?rest_route=%2Fwp%2Fv2%2Ftags&post=1357"}],"curies":[{"name":"wp","href":"https:\/\/api.w.org\/{rel}","templated":true}]}}