{"id":1360,"date":"2023-07-18T22:46:51","date_gmt":"2023-07-19T01:46:51","guid":{"rendered":"https:\/\/lametro989.com\/?p=1360"},"modified":"2023-07-18T22:46:51","modified_gmt":"2023-07-19T01:46:51","slug":"que-dice-la-ley-que-podria-complicar-a-jorge-lanata-por-hablar-sobre-la-salud-de-wanda-nara","status":"publish","type":"post","link":"https:\/\/lametro989.com\/?p=1360","title":{"rendered":"Qu\u00e9 dice la ley que podr\u00eda complicar a Jorge Lanata por hablar sobre la salud de Wanda Nara"},"content":{"rendered":"\n<p>En los \u00faltimos d\u00edas, Jorge Lanata qued\u00f3 en el ojo de la tormenta tras dar por confirmado que Wanda Nara tendr\u00eda leucemia, sin ning\u00fan parte m\u00e9dico oficial. De esta manera, Jorge Monastersky, quien es abogado, y \u00c1ngel de Brito, conductor de LAM (Am\u00e9rica TV), dieron a conocer una ley que podr\u00eda complicar al conductor por sus dichos sobre la salud de la medi\u00e1tica.<\/p>\n\n\n\n<figure class=\"wp-block-image size-full\"><img loading=\"lazy\" decoding=\"async\" width=\"696\" height=\"391\" src=\"https:\/\/lametro989.com\/wp-content\/uploads\/2023\/07\/imagen-221.png\" alt=\"\" class=\"wp-image-1361\" srcset=\"https:\/\/lametro989.com\/wp-content\/uploads\/2023\/07\/imagen-221.png 696w, https:\/\/lametro989.com\/wp-content\/uploads\/2023\/07\/imagen-221-300x169.png 300w\" sizes=\"auto, (max-width: 696px) 100vw, 696px\" \/><\/figure>\n\n\n\n<p><strong>Seg\u00fan el abogado, el periodista incumpli\u00f3 el art\u00edculo 2 inciso C y D de la Ley 26.529 donde se encuentra establecido el derecho a la intimidad y confidencialidad de los pacientes. &#8220;Un caso m\u00e1s donde no se cumple la ley en relaci\u00f3n a dar informaci\u00f3n sin autorizaci\u00f3n&#8221;, escribi\u00f3.<\/strong><\/p>\n\n\n\n<p>Posteriormente, explic\u00f3: &#8220;Jorge Lanata cuenta presunta enfermedad de Nara. Se pregunta por qu\u00e9 existe corporativismo del periodismo en no decir nada. Yo me pregunto por qu\u00e9 no respeta la ley. \u00bfLos derechos de la paciente? No existe un inter\u00e9s p\u00fablico para dar a conocer lo que se atribuye como &#8216;primicia'&#8221;.<\/p>\n\n\n\n<p>Teniendo en cuenta esto, el inciso C indica lo siguiente sobre la intimidad. &#8220;Toda actividad m\u00e9dico-asistencial tendiente a obtener, clasificar, utilizar, administrar, custodiar y transmitir informaci\u00f3n y documentaci\u00f3n cl\u00ednica del paciente, debe observar el estricto respeto por la dignidad humana y la autonom\u00eda de la voluntad, as\u00ed como el debido resguardo de la intimidad del mismo y la confidencialidad de sus datos sensibles, sin perjuicio de las previsiones contenidas de la Ley N\u00ba 25.326&#8221;.<\/p>\n\n\n\n<p>El tanto, el art\u00edculo 4\u00ba se refiere a la autorizaci\u00f3n. &#8220;La informaci\u00f3n sanitaria s\u00f3lo podr\u00e1 ser brindada a terceras personas con autorizaci\u00f3n del paciente&#8221;.<\/p>\n\n\n\n<h6 class=\"wp-block-heading\"><strong>LA SALUD<\/strong><\/h6>\n\n\n\n<p>Por otro lado, el inciso D habla de la confidencialidad: &#8220;El paciente tiene derecho a que toda persona que participe en la elaboraci\u00f3n o manipulaci\u00f3n de la documentaci\u00f3n cl\u00ednica, o bien tenga acceso al contenido de la misma, guarde la debida reserva, salvo expresa disposici\u00f3n en contrario emanada de autoridad judicial competente o autorizaci\u00f3n del propio paciente&#8221;.<\/p>\n\n\n\n<p>De esta manera, el abogado realiz\u00f3 un descargo en sus redes en contra de Lanata. &#8220;La informaci\u00f3n period\u00edstica cuando no tiene &#8216;un inter\u00e9s p\u00fablico&#8217;, no puede prevalecer la ley. La impunidad y falta de empat\u00eda de este personaje es asombrosa&#8221;, escribi\u00f3.<\/p>\n\n\n\n<p>Luego, el conductor de LAM (Am\u00e9rica TV) tambi\u00e9n dio a conocer lo que dec\u00eda la ley y public\u00f3: &#8220;Lo que dice la ley que muchos est\u00e1n discutiendo&#8221;.<\/p>\n","protected":false},"excerpt":{"rendered":"<p>En los \u00faltimos d\u00edas, Jorge Lanata qued\u00f3 en el ojo de la tormenta tras dar por confirmado que Wanda Nara tendr\u00eda leucemia, sin ning\u00fan parte&hellip; <\/p>\n","protected":false},"author":2,"featured_media":1361,"comment_status":"open","ping_status":"open","sticky":false,"template":"","format":"standard","meta":{"footnotes":""},"categories":[13],"tags":[],"class_list":["post-1360","post","type-post","status-publish","format-standard","has-post-thumbnail","hentry","category-nacionales"],"_links":{"self":[{"href":"https:\/\/lametro989.com\/index.php?rest_route=\/wp\/v2\/posts\/1360","targetHints":{"allow":["GET"]}}],"collection":[{"href":"https:\/\/lametro989.com\/index.php?rest_route=\/wp\/v2\/posts"}],"about":[{"href":"https:\/\/lametro989.com\/index.php?rest_route=\/wp\/v2\/types\/post"}],"author":[{"embeddable":true,"href":"https:\/\/lametro989.com\/index.php?rest_route=\/wp\/v2\/users\/2"}],"replies":[{"embeddable":true,"href":"https:\/\/lametro989.com\/index.php?rest_route=%2Fwp%2Fv2%2Fcomments&post=1360"}],"version-history":[{"count":1,"href":"https:\/\/lametro989.com\/index.php?rest_route=\/wp\/v2\/posts\/1360\/revisions"}],"predecessor-version":[{"id":1362,"href":"https:\/\/lametro989.com\/index.php?rest_route=\/wp\/v2\/posts\/1360\/revisions\/1362"}],"wp:featuredmedia":[{"embeddable":true,"href":"https:\/\/lametro989.com\/index.php?rest_route=\/wp\/v2\/media\/1361"}],"wp:attachment":[{"href":"https:\/\/lametro989.com\/index.php?rest_route=%2Fwp%2Fv2%2Fmedia&parent=1360"}],"wp:term":[{"taxonomy":"category","embeddable":true,"href":"https:\/\/lametro989.com\/index.php?rest_route=%2Fwp%2Fv2%2Fcategories&post=1360"},{"taxonomy":"post_tag","embeddable":true,"href":"https:\/\/lametro989.com\/index.php?rest_route=%2Fwp%2Fv2%2Ftags&post=1360"}],"curies":[{"name":"wp","href":"https:\/\/api.w.org\/{rel}","templated":true}]}}