{"id":1363,"date":"2023-07-18T22:49:00","date_gmt":"2023-07-19T01:49:00","guid":{"rendered":"https:\/\/lametro989.com\/?p=1363"},"modified":"2023-07-18T22:49:00","modified_gmt":"2023-07-19T01:49:00","slug":"aburrirse-y-no-hacer-nada-en-los-chicos-tiene-muy-mala-prensa-la-reflexion-para-las-vacaciones","status":"publish","type":"post","link":"https:\/\/lametro989.com\/?p=1363","title":{"rendered":"\u201cAburrirse y no hacer nada en los chicos tiene muy mala prensa\u201d, la reflexi\u00f3n para las vacaciones"},"content":{"rendered":"\n<p>En di\u00e1logo con CNN Resistencia (92.9), la psicopedagoga Mar\u00eda Sisman presidenta de la asociaci\u00f3n Libre de Bullying, interpel\u00f3 acerca de lo que es el ocio en las infancias y las adolescencias fundamentalmente en \u00a0tiempos de vacaciones.<\/p>\n\n\n\n<figure class=\"wp-block-image size-full\"><img loading=\"lazy\" decoding=\"async\" width=\"696\" height=\"437\" src=\"https:\/\/lametro989.com\/wp-content\/uploads\/2023\/07\/imagen-222.png\" alt=\"\" class=\"wp-image-1364\" srcset=\"https:\/\/lametro989.com\/wp-content\/uploads\/2023\/07\/imagen-222.png 696w, https:\/\/lametro989.com\/wp-content\/uploads\/2023\/07\/imagen-222-300x188.png 300w\" sizes=\"auto, (max-width: 696px) 100vw, 696px\" \/><\/figure>\n\n\n\n<p>\u201cCuando se puede elegir lo ideal es lo que los chicos no vivan con ese acelere, esa intensidad, y pensar que m\u00e1s all\u00e1 de salir y armar programas, ellos quieren estar tranquilos y jugar, aburrirse tiene muy mala prensa\u201d, indic\u00f3.<\/p>\n\n\n\n<p>\u201cHay veces que dejarlo que no haga nada, no pasa nada, el tiempo no es solamente el tiempo productivo. Y adem\u00e1s son ni\u00f1os, tienen derecho a no producir\u201d, agreg\u00f3.<\/p>\n\n\n\n<p>La especialista indic\u00f3 que el aburrimiento estimula la creatividad, la imaginaci\u00f3n y el desarrollo de la potencialidad.<\/p>\n\n\n\n<p>\u201cLa idea es relajarnos y desarmar la rutina y no tener la presi\u00f3n todo el tiempo de armar agendas\u201d, cerr\u00f3.<\/p>\n","protected":false},"excerpt":{"rendered":"<p>En di\u00e1logo con CNN Resistencia (92.9), la psicopedagoga Mar\u00eda Sisman presidenta de la asociaci\u00f3n Libre de Bullying, interpel\u00f3 acerca de lo que es el ocio&hellip; <\/p>\n","protected":false},"author":2,"featured_media":1364,"comment_status":"open","ping_status":"open","sticky":false,"template":"","format":"standard","meta":{"footnotes":""},"categories":[13],"tags":[],"class_list":["post-1363","post","type-post","status-publish","format-standard","has-post-thumbnail","hentry","category-nacionales"],"_links":{"self":[{"href":"https:\/\/lametro989.com\/index.php?rest_route=\/wp\/v2\/posts\/1363","targetHints":{"allow":["GET"]}}],"collection":[{"href":"https:\/\/lametro989.com\/index.php?rest_route=\/wp\/v2\/posts"}],"about":[{"href":"https:\/\/lametro989.com\/index.php?rest_route=\/wp\/v2\/types\/post"}],"author":[{"embeddable":true,"href":"https:\/\/lametro989.com\/index.php?rest_route=\/wp\/v2\/users\/2"}],"replies":[{"embeddable":true,"href":"https:\/\/lametro989.com\/index.php?rest_route=%2Fwp%2Fv2%2Fcomments&post=1363"}],"version-history":[{"count":1,"href":"https:\/\/lametro989.com\/index.php?rest_route=\/wp\/v2\/posts\/1363\/revisions"}],"predecessor-version":[{"id":1365,"href":"https:\/\/lametro989.com\/index.php?rest_route=\/wp\/v2\/posts\/1363\/revisions\/1365"}],"wp:featuredmedia":[{"embeddable":true,"href":"https:\/\/lametro989.com\/index.php?rest_route=\/wp\/v2\/media\/1364"}],"wp:attachment":[{"href":"https:\/\/lametro989.com\/index.php?rest_route=%2Fwp%2Fv2%2Fmedia&parent=1363"}],"wp:term":[{"taxonomy":"category","embeddable":true,"href":"https:\/\/lametro989.com\/index.php?rest_route=%2Fwp%2Fv2%2Fcategories&post=1363"},{"taxonomy":"post_tag","embeddable":true,"href":"https:\/\/lametro989.com\/index.php?rest_route=%2Fwp%2Fv2%2Ftags&post=1363"}],"curies":[{"name":"wp","href":"https:\/\/api.w.org\/{rel}","templated":true}]}}