{"id":1368,"date":"2023-07-18T22:57:04","date_gmt":"2023-07-19T01:57:04","guid":{"rendered":"https:\/\/lametro989.com\/?p=1368"},"modified":"2023-07-18T22:57:04","modified_gmt":"2023-07-19T01:57:04","slug":"gral-san-martin-demoraron-a-dos-personas-por-la-sustraccion-de-un-equino","status":"publish","type":"post","link":"https:\/\/lametro989.com\/?p=1368","title":{"rendered":"GRAL SAN MART\u00cdN: DEMORARON A DOS PERSONAS POR LA SUSTRACCI\u00d3N DE UN EQUINO"},"content":{"rendered":"\n<p><strong>El animal fue restituido a su propietario.<\/strong><\/p>\n\n\n\n<figure class=\"wp-block-image size-large\"><img loading=\"lazy\" decoding=\"async\" width=\"1024\" height=\"830\" src=\"https:\/\/lametro989.com\/wp-content\/uploads\/2023\/07\/imagen-223-1024x830.png\" alt=\"\" class=\"wp-image-1369\" srcset=\"https:\/\/lametro989.com\/wp-content\/uploads\/2023\/07\/imagen-223-1024x830.png 1024w, https:\/\/lametro989.com\/wp-content\/uploads\/2023\/07\/imagen-223-300x243.png 300w, https:\/\/lametro989.com\/wp-content\/uploads\/2023\/07\/imagen-223-768x623.png 768w, https:\/\/lametro989.com\/wp-content\/uploads\/2023\/07\/imagen-223.png 1099w\" sizes=\"auto, (max-width: 1024px) 100vw, 1024px\" \/><\/figure>\n\n\n\n<p>El personal de la Divisi\u00f3n Investigaciones Complejas de General San Martin, Comisar\u00eda Colonia Unidas y el Departamento Seguridad Rural llevaron a cabo la investigaci\u00f3n para recuperar un equino y demorar a dos j\u00f3venes por \u201cSupuesto Encubrimiento\u201d y \u201cSupuesto Hurto\u201d.<\/p>\n\n\n\n<p>Un hombre de 43 a\u00f1os hab\u00eda denunciado en la Comisar\u00eda que, hace 4 meses, le sustrajeron una potranca de tres a\u00f1os aproximadamente. Por ello, empezaron las investigaciones y lograron averiguar que en una publicaci\u00f3n de Facebook se estar\u00eda comercializando un animal similar al denunciado.<\/p>\n\n\n\n<p>Hoy, cerca de las 12:40, los efectivos demoraron a un joven de 23 a\u00f1os por la Ruta Provincial N\u00b0 9 en el Acceso Norte Las Garcitas, quien ten\u00eda en su poder al equino. Por ello, personal del Departamento Seguridad Rural verific\u00f3 la marca y constataron que se trataba del animal buscado.<\/p>\n\n\n\n<p>Una hora m\u00e1s tarde, alrededor de las 13:50, en el barrio Ex Ferrocarril demoraron a otro ciudadano de 23 a\u00f1os, que ser\u00eda el presunto autor del hurto del animal y lo hab\u00eda cambiado por una escopeta calibre 16, que secuestraron en el lugar.<\/p>\n\n\n\n<p>Finalmente, el primer demorado fue notificado de su aprehensi\u00f3n en causa \u201cSupuesto Encubrimiento\u201d y el \u00faltimo, por \u201cSupuesto Hurto\u201d.<\/p>\n","protected":false},"excerpt":{"rendered":"<p>El animal fue restituido a su propietario. El personal de la Divisi\u00f3n Investigaciones Complejas de General San Martin, Comisar\u00eda Colonia Unidas y el Departamento Seguridad&hellip; <\/p>\n","protected":false},"author":2,"featured_media":1369,"comment_status":"open","ping_status":"open","sticky":false,"template":"","format":"standard","meta":{"footnotes":""},"categories":[9,2],"tags":[],"class_list":["post-1368","post","type-post","status-publish","format-standard","has-post-thumbnail","hentry","category-destacadas","category-provinciales"],"_links":{"self":[{"href":"https:\/\/lametro989.com\/index.php?rest_route=\/wp\/v2\/posts\/1368","targetHints":{"allow":["GET"]}}],"collection":[{"href":"https:\/\/lametro989.com\/index.php?rest_route=\/wp\/v2\/posts"}],"about":[{"href":"https:\/\/lametro989.com\/index.php?rest_route=\/wp\/v2\/types\/post"}],"author":[{"embeddable":true,"href":"https:\/\/lametro989.com\/index.php?rest_route=\/wp\/v2\/users\/2"}],"replies":[{"embeddable":true,"href":"https:\/\/lametro989.com\/index.php?rest_route=%2Fwp%2Fv2%2Fcomments&post=1368"}],"version-history":[{"count":1,"href":"https:\/\/lametro989.com\/index.php?rest_route=\/wp\/v2\/posts\/1368\/revisions"}],"predecessor-version":[{"id":1370,"href":"https:\/\/lametro989.com\/index.php?rest_route=\/wp\/v2\/posts\/1368\/revisions\/1370"}],"wp:featuredmedia":[{"embeddable":true,"href":"https:\/\/lametro989.com\/index.php?rest_route=\/wp\/v2\/media\/1369"}],"wp:attachment":[{"href":"https:\/\/lametro989.com\/index.php?rest_route=%2Fwp%2Fv2%2Fmedia&parent=1368"}],"wp:term":[{"taxonomy":"category","embeddable":true,"href":"https:\/\/lametro989.com\/index.php?rest_route=%2Fwp%2Fv2%2Fcategories&post=1368"},{"taxonomy":"post_tag","embeddable":true,"href":"https:\/\/lametro989.com\/index.php?rest_route=%2Fwp%2Fv2%2Ftags&post=1368"}],"curies":[{"name":"wp","href":"https:\/\/api.w.org\/{rel}","templated":true}]}}