{"id":1372,"date":"2023-07-19T20:55:44","date_gmt":"2023-07-19T23:55:44","guid":{"rendered":"https:\/\/lametro989.com\/?p=1372"},"modified":"2023-07-19T20:55:44","modified_gmt":"2023-07-19T23:55:44","slug":"obras-en-la-verde-el-gobernador-inauguro-una-pileta-semiolimpica-en-el-club-villa-elena","status":"publish","type":"post","link":"https:\/\/lametro989.com\/?p=1372","title":{"rendered":"Obras en La Verde: el gobernador inaugur\u00f3 una pileta semiol\u00edmpica en el club &#8220;Villa Elena&#8221;"},"content":{"rendered":"\n<p>Los trabajos incluyeron la refacci\u00f3n de la cantina, del museo, del escenario y de los ba\u00f1os internos, as\u00ed como la ejecuci\u00f3n de un cierre perimetral de 150 metros. &#8220;Esto es parte de una pol\u00edtica de inclusi\u00f3n social para la que invertimos 12 mil millones de pesos en 500 instituciones deportivas en los \u00faltimos cuatro a\u00f1os&#8221;, destac\u00f3 el gobernador.<\/p>\n\n\n\n<figure class=\"wp-block-image size-full\"><img loading=\"lazy\" decoding=\"async\" width=\"850\" height=\"567\" src=\"https:\/\/lametro989.com\/wp-content\/uploads\/2023\/07\/imagen-224.png\" alt=\"\" class=\"wp-image-1373\" srcset=\"https:\/\/lametro989.com\/wp-content\/uploads\/2023\/07\/imagen-224.png 850w, https:\/\/lametro989.com\/wp-content\/uploads\/2023\/07\/imagen-224-300x200.png 300w, https:\/\/lametro989.com\/wp-content\/uploads\/2023\/07\/imagen-224-768x512.png 768w\" sizes=\"auto, (max-width: 850px) 100vw, 850px\" \/><\/figure>\n\n\n\n<p>El gobernador <strong>Jorge Capitanich<\/strong> y el intendente <strong>Ram\u00f3n Pe\u00f1a<\/strong> inauguraron esta ma\u00f1ana las refacciones del Club Atl\u00e9tico Villa Elena de La Verde, que implic\u00f3 principalmente la construcci\u00f3n de una pileta semiol\u00edmpica con sus ba\u00f1os y vestuarios.\u00a0<\/p>\n\n\n\n<p>&#8220;Nos planteamos como objetivo que ninguna localidad se quede sin pileta de nataci\u00f3n a lo largo y a lo ancho de la provincia y lo estamos cumpliendo&#8221;, destac\u00f3 <strong>Capitanich<\/strong> en relaci\u00f3n a la obra, que demand\u00f3 una inversi\u00f3n de $54.693.746.<\/p>\n\n\n\n<p>Los trabajos incluyeron la refacci\u00f3n de la cantina, del museo, del escenario y de los ba\u00f1os internos, as\u00ed como la ejecuci\u00f3n de un cierre perimetral de 150 metros. Adem\u00e1s se entregaron elementos deportivos para b\u00e1squet, f\u00fatbol, handball y hockey. <\/p>\n\n\n\n<figure class=\"wp-block-image\"><img decoding=\"async\" src=\"https:\/\/www.diariochaco.com\/content\/bucket\/6\/580496w790h527c.jpg.webp\" alt=\"\"\/><\/figure>\n\n\n\n<p>&#8220;Estas inversiones son parte de un proceso de inclusi\u00f3n social y en ese contexto invertimos 12 mil millones de pesos en 500 instituciones deportivas en los \u00faltimos 4 a\u00f1os&#8221;, destac\u00f3, y agreg\u00f3: &#8220;las mismas forman parte de la inversi\u00f3n en infraestructura para garantizar la inclusi\u00f3n social deportiva y a su vez un programa de asignaci\u00f3n universal deportiva para fortalecer las capacidades institucionales de cada club&#8221;.&nbsp;<\/p>\n\n\n\n<p>En la oportunidad el gobernador tom\u00f3 el compromiso de refaccionar el polideportivo, en lo que refiere al piso y al techo. &#8220;Yo estoy ac\u00e1 para agradecer a los directivos de las instituciones deportivas que hacen una gran tarea. Siempre digo que el deporte ayuda a construir valores y aleja a la gente de las adicciones, por lo tanto construye dedicaci\u00f3n, esfuerzo y la cultura del compromiso con valores que perduran a trav\u00e9s del tiempo&#8221;, sostuvo el mandatario.<\/p>\n\n\n\n<p>Acompa\u00f1aron al gobernador el presidente del Instituto del Deporte, <strong>Osvaldo P\u00e9rez Cuevas<\/strong>; el presidente del Club, <strong>Mat\u00edas Ces,<\/strong> y la vicepresidenta de la instituci\u00f3n, <strong>Mar\u00eda Ruiz D\u00edaz<\/strong>.&nbsp;<ins><\/ins><\/p>\n\n\n\n<p>&#8220;Este es un club emblema de la localidad que permite a m\u00e1s de 300 ni\u00f1os juntarse a practicar deporte&#8221;, indic\u00f3 el intendente <strong>Ram\u00f3n Pe\u00f1a,<\/strong> y agreg\u00f3: &#8220;esto es importante porque nos permite a los grandes y a las familias verde\u00f1as mantener a nuestros chicos ocupados en el deporte con inclusi\u00f3n, salud y mantenerlos alejados de lo que son los consumos problem\u00e1ticos&#8221;.<\/p>\n\n\n\n<p>En ese sentido, el jefe comunal record\u00f3 que a m\u00e1s de 75 a\u00f1os de vida del club, &#8220;darle esta infraestructura era muy necesario&#8221;. &#8220;Le estamos dando a nuestro club hist\u00f3rico todo lo que es la infraestructura adecuada para practicar deporte de manera competitiva&#8221;, asegur\u00f3.<\/p>\n\n\n\n<figure class=\"wp-block-image\"><img decoding=\"async\" src=\"https:\/\/www.diariochaco.com\/content\/bucket\/8\/580498w790h527c.jpg.webp\" alt=\"\"\/><\/figure>\n\n\n\n<p>Por su parte, el presidente <strong>Mat\u00edas Ces<\/strong> remarc\u00f3 que la inauguraci\u00f3n de este mi\u00e9rcoles &#8220;es un antes y un despu\u00e9s para todas las personas que a pulm\u00f3n lo fueron llevando adelante y lo vieron crecer&#8221;.<\/p>\n\n\n\n<p>&#8220;Es un club muy importante para la localidad, con muchos adultos involucrados y muchos chicos, pero que adem\u00e1s es la casa de muchos eventos como fiestas, eventos culturales y casamientos, por lo que sin dudas hablamos de la casa del pueblo&#8221;, destac\u00f3.<\/p>\n\n\n\n<p>El club es un lugar de contenci\u00f3n y ahora lo vamos a poder hacer con mayor calidad. Queremos ofrecerle al pueblo de La Verde, a cada hincha y a cada socio mayor calidad&#8221;, insisti\u00f3 el presidente y resalt\u00f3 el hecho de que con la nataci\u00f3n tendr\u00e1n apertura para incluir a otras poblaciones como son personas con discapacidad o adultos mayores.<\/p>\n","protected":false},"excerpt":{"rendered":"<p>Los trabajos incluyeron la refacci\u00f3n de la cantina, del museo, del escenario y de los ba\u00f1os internos, as\u00ed como la ejecuci\u00f3n de un cierre perimetral&hellip; <\/p>\n","protected":false},"author":2,"featured_media":1373,"comment_status":"open","ping_status":"open","sticky":false,"template":"","format":"standard","meta":{"footnotes":""},"categories":[9,2],"tags":[],"class_list":["post-1372","post","type-post","status-publish","format-standard","has-post-thumbnail","hentry","category-destacadas","category-provinciales"],"_links":{"self":[{"href":"https:\/\/lametro989.com\/index.php?rest_route=\/wp\/v2\/posts\/1372","targetHints":{"allow":["GET"]}}],"collection":[{"href":"https:\/\/lametro989.com\/index.php?rest_route=\/wp\/v2\/posts"}],"about":[{"href":"https:\/\/lametro989.com\/index.php?rest_route=\/wp\/v2\/types\/post"}],"author":[{"embeddable":true,"href":"https:\/\/lametro989.com\/index.php?rest_route=\/wp\/v2\/users\/2"}],"replies":[{"embeddable":true,"href":"https:\/\/lametro989.com\/index.php?rest_route=%2Fwp%2Fv2%2Fcomments&post=1372"}],"version-history":[{"count":1,"href":"https:\/\/lametro989.com\/index.php?rest_route=\/wp\/v2\/posts\/1372\/revisions"}],"predecessor-version":[{"id":1374,"href":"https:\/\/lametro989.com\/index.php?rest_route=\/wp\/v2\/posts\/1372\/revisions\/1374"}],"wp:featuredmedia":[{"embeddable":true,"href":"https:\/\/lametro989.com\/index.php?rest_route=\/wp\/v2\/media\/1373"}],"wp:attachment":[{"href":"https:\/\/lametro989.com\/index.php?rest_route=%2Fwp%2Fv2%2Fmedia&parent=1372"}],"wp:term":[{"taxonomy":"category","embeddable":true,"href":"https:\/\/lametro989.com\/index.php?rest_route=%2Fwp%2Fv2%2Fcategories&post=1372"},{"taxonomy":"post_tag","embeddable":true,"href":"https:\/\/lametro989.com\/index.php?rest_route=%2Fwp%2Fv2%2Ftags&post=1372"}],"curies":[{"name":"wp","href":"https:\/\/api.w.org\/{rel}","templated":true}]}}