{"id":1375,"date":"2023-07-19T20:58:52","date_gmt":"2023-07-19T23:58:52","guid":{"rendered":"https:\/\/lametro989.com\/?p=1375"},"modified":"2023-07-19T20:58:52","modified_gmt":"2023-07-19T23:58:52","slug":"intento-robar-un-celular-y-al-ser-detenido-agredio-a-un-policia-ya-tenia-siete-pedidos-de-captura","status":"publish","type":"post","link":"https:\/\/lametro989.com\/?p=1375","title":{"rendered":"Intent\u00f3 robar un celular y al ser detenido agredi\u00f3 a un polic\u00eda: ya ten\u00eda siete pedidos de captura"},"content":{"rendered":"\n<p>El detenido es un joven de 19 a\u00f1os que ya ten\u00eda causas pendientes.\u00a0Este mi\u00e9rcoles, alrededor de las 13:30, agentes de la Comisar\u00eda D\u00e9cima de la ciudad de Resistencia se digirieron <strong>hacia la intersecci\u00f3n de calle Corrientes y Juan XXlll tras ser alertados acerca de un robo.\u00a0<\/strong><\/p>\n\n\n\n<figure class=\"wp-block-image size-full\"><img loading=\"lazy\" decoding=\"async\" width=\"527\" height=\"338\" src=\"https:\/\/lametro989.com\/wp-content\/uploads\/2023\/07\/imagen-225.png\" alt=\"\" class=\"wp-image-1376\" srcset=\"https:\/\/lametro989.com\/wp-content\/uploads\/2023\/07\/imagen-225.png 527w, https:\/\/lametro989.com\/wp-content\/uploads\/2023\/07\/imagen-225-300x192.png 300w\" sizes=\"auto, (max-width: 527px) 100vw, 527px\" \/><\/figure>\n\n\n\n<p>Una vez all\u00ed, un joven les detall\u00f3 que un sujeto intent\u00f3 robarle el celular a punta de cuchillo pero vecinos que estaban presentes lo ayudaron y pudo evitar el robo. <strong>El autor del hecho huy\u00f3 y fue buscado gracias a las descripciones que brind\u00f3 el damnificado.&nbsp;<\/strong><\/p>\n\n\n\n<p>En medio de la b\u00fasqueda llegaron hasta el barrio Camalote, donde demoraron a un ciudadano que ten\u00eda las caracter\u00edsticas descriptas anteriormente.<strong> Entre sus ropas ten\u00eda un cuchillo de 25 cent\u00edmetros.\u00a0<\/strong><\/p>\n\n\n\n<p>En el momento de la detenci\u00f3n, varios vecinos de la zona intentaron impedirlo y arrojaron elementos al patrullero. Un oficial de polic\u00eda termin\u00f3 herido.&nbsp;<\/p>\n\n\n\n<p>Finalmente, se le instruyeron actuaciones judiciales con intervenci\u00f3n de la fiscal\u00eda en turno, y el conducido de 19 a\u00f1os fue notificado de su aprehensi\u00f3n<strong> por la causa Supuesto Robo con arma en grado de tentativa, y por supuestas lesiones, resistencia y atentado contra la autoridad.<\/strong><\/p>\n\n\n\n<p>Adem\u00e1s, advirtieron que el demorado ten\u00eda cuentas pendientes con la justicia.<\/p>\n","protected":false},"excerpt":{"rendered":"<p>El detenido es un joven de 19 a\u00f1os que ya ten\u00eda causas pendientes.\u00a0Este mi\u00e9rcoles, alrededor de las 13:30, agentes de la Comisar\u00eda D\u00e9cima de la&hellip; <\/p>\n","protected":false},"author":2,"featured_media":1376,"comment_status":"open","ping_status":"open","sticky":false,"template":"","format":"standard","meta":{"footnotes":""},"categories":[2],"tags":[],"class_list":["post-1375","post","type-post","status-publish","format-standard","has-post-thumbnail","hentry","category-provinciales"],"_links":{"self":[{"href":"https:\/\/lametro989.com\/index.php?rest_route=\/wp\/v2\/posts\/1375","targetHints":{"allow":["GET"]}}],"collection":[{"href":"https:\/\/lametro989.com\/index.php?rest_route=\/wp\/v2\/posts"}],"about":[{"href":"https:\/\/lametro989.com\/index.php?rest_route=\/wp\/v2\/types\/post"}],"author":[{"embeddable":true,"href":"https:\/\/lametro989.com\/index.php?rest_route=\/wp\/v2\/users\/2"}],"replies":[{"embeddable":true,"href":"https:\/\/lametro989.com\/index.php?rest_route=%2Fwp%2Fv2%2Fcomments&post=1375"}],"version-history":[{"count":1,"href":"https:\/\/lametro989.com\/index.php?rest_route=\/wp\/v2\/posts\/1375\/revisions"}],"predecessor-version":[{"id":1377,"href":"https:\/\/lametro989.com\/index.php?rest_route=\/wp\/v2\/posts\/1375\/revisions\/1377"}],"wp:featuredmedia":[{"embeddable":true,"href":"https:\/\/lametro989.com\/index.php?rest_route=\/wp\/v2\/media\/1376"}],"wp:attachment":[{"href":"https:\/\/lametro989.com\/index.php?rest_route=%2Fwp%2Fv2%2Fmedia&parent=1375"}],"wp:term":[{"taxonomy":"category","embeddable":true,"href":"https:\/\/lametro989.com\/index.php?rest_route=%2Fwp%2Fv2%2Fcategories&post=1375"},{"taxonomy":"post_tag","embeddable":true,"href":"https:\/\/lametro989.com\/index.php?rest_route=%2Fwp%2Fv2%2Ftags&post=1375"}],"curies":[{"name":"wp","href":"https:\/\/api.w.org\/{rel}","templated":true}]}}