{"id":1378,"date":"2023-07-19T21:01:52","date_gmt":"2023-07-20T00:01:52","guid":{"rendered":"https:\/\/lametro989.com\/?p=1378"},"modified":"2023-07-19T21:01:52","modified_gmt":"2023-07-20T00:01:52","slug":"schiaretti-no-descarto-volver-a-intentar-unirse-a-jxc-y-cuestiono-a-bullrich-primo-la-grieta","status":"publish","type":"post","link":"https:\/\/lametro989.com\/?p=1378","title":{"rendered":"Schiaretti no descart\u00f3 volver a intentar unirse a JxC y cuestion\u00f3 a Bullrich: &#8220;Prim\u00f3 la grieta&#8221;"},"content":{"rendered":"\n<p>El postulante de Hacemos por Nuestro Pa\u00eds plante\u00f3 la necesidad de &#8220;hacer un gobierno de unidad nacional&#8221; tras las elecciones de este a\u00f1o.<\/p>\n\n\n\n<figure class=\"wp-block-image size-full\"><img loading=\"lazy\" decoding=\"async\" width=\"850\" height=\"447\" src=\"https:\/\/lametro989.com\/wp-content\/uploads\/2023\/07\/imagen-226.png\" alt=\"\" class=\"wp-image-1379\" srcset=\"https:\/\/lametro989.com\/wp-content\/uploads\/2023\/07\/imagen-226.png 850w, https:\/\/lametro989.com\/wp-content\/uploads\/2023\/07\/imagen-226-300x158.png 300w, https:\/\/lametro989.com\/wp-content\/uploads\/2023\/07\/imagen-226-768x404.png 768w\" sizes=\"auto, (max-width: 850px) 100vw, 850px\" \/><\/figure>\n\n\n\n<p>El gobernador de C\u00f3rdoba y precandidato presidencial, <strong>Juan Schiaretti<\/strong>, volvi\u00f3 a dejar abierta la puerta para sumarse a Juntos por el Cambio tras el \u00faltimo intento frustrado por rechazos internos.<\/p>\n\n\n\n<p>Sin embargo, Schiaretti apunt\u00f3 contra la titular del PRO y tambi\u00e9n precandidata, <strong>Patricia Bullrich<\/strong>, y la se\u00f1al\u00f3 como la principal responsable de impedir una alianza que fue impulsada por su rival interno, <strong>Horacio Rodr\u00edguez Larreta.<\/strong><\/p>\n\n\n\n<p>&#8220;(Antes del cierre de listas) hubo coincidencias con Horacio Rodr\u00edguez Larreta y creo que otros dirigentes de Cambiemos tambi\u00e9n. Lamentablemente, no se pudo hacer ese acuerdo porque prim\u00f3 el esp\u00edritu de mantener la grieta, que es el negocio de los pol\u00edticos y no de la gente&#8221;, dijo Schiaretti.<\/p>\n\n\n\n<p>Y agreg\u00f3, en declaraciones radiales: <strong>&#8220;Fue lo que expresaron tanto Patricia Bullirch como Mauricio Macri.<\/strong> O sea, no es que era imposible, prim\u00f3 el esp\u00edritu de mantener la grieta. Por eso no se pudo hacer ese acuerdo&#8221;.<\/p>\n\n\n\n<p>Luego, subray\u00f3: &#8220;Ahora, <strong>hay una posibilidad nuevamente de intentarlo despu\u00e9s que pase la primera vuelta<\/strong>, despu\u00e9s del 22 de octubre. Ah\u00ed se puede retomar nuevamente este planteo y ver si conseguimos hacer un gobierno de unidad nacional que es lo que precisa Argentina&#8221;.<\/p>\n\n\n\n<p>Respecto a la posibilidad de incluirse al frente opositor, recalc\u00f3: &#8220;Si gana (Bullrich), tiene que manifestar esa voluntad ella, no hay ninguna duda. Si a ella le toca ganar la interna de Juntos por el Cambio&#8230; la tiene que manifestar qui\u00e9n sea el candidato del Cambio. Yo no puedo anticiparme&#8221;.<\/p>\n","protected":false},"excerpt":{"rendered":"<p>El postulante de Hacemos por Nuestro Pa\u00eds plante\u00f3 la necesidad de &#8220;hacer un gobierno de unidad nacional&#8221; tras las elecciones de este a\u00f1o. El gobernador&hellip; <\/p>\n","protected":false},"author":2,"featured_media":1379,"comment_status":"open","ping_status":"open","sticky":false,"template":"","format":"standard","meta":{"footnotes":""},"categories":[9,5],"tags":[],"class_list":["post-1378","post","type-post","status-publish","format-standard","has-post-thumbnail","hentry","category-destacadas","category-politica"],"_links":{"self":[{"href":"https:\/\/lametro989.com\/index.php?rest_route=\/wp\/v2\/posts\/1378","targetHints":{"allow":["GET"]}}],"collection":[{"href":"https:\/\/lametro989.com\/index.php?rest_route=\/wp\/v2\/posts"}],"about":[{"href":"https:\/\/lametro989.com\/index.php?rest_route=\/wp\/v2\/types\/post"}],"author":[{"embeddable":true,"href":"https:\/\/lametro989.com\/index.php?rest_route=\/wp\/v2\/users\/2"}],"replies":[{"embeddable":true,"href":"https:\/\/lametro989.com\/index.php?rest_route=%2Fwp%2Fv2%2Fcomments&post=1378"}],"version-history":[{"count":1,"href":"https:\/\/lametro989.com\/index.php?rest_route=\/wp\/v2\/posts\/1378\/revisions"}],"predecessor-version":[{"id":1380,"href":"https:\/\/lametro989.com\/index.php?rest_route=\/wp\/v2\/posts\/1378\/revisions\/1380"}],"wp:featuredmedia":[{"embeddable":true,"href":"https:\/\/lametro989.com\/index.php?rest_route=\/wp\/v2\/media\/1379"}],"wp:attachment":[{"href":"https:\/\/lametro989.com\/index.php?rest_route=%2Fwp%2Fv2%2Fmedia&parent=1378"}],"wp:term":[{"taxonomy":"category","embeddable":true,"href":"https:\/\/lametro989.com\/index.php?rest_route=%2Fwp%2Fv2%2Fcategories&post=1378"},{"taxonomy":"post_tag","embeddable":true,"href":"https:\/\/lametro989.com\/index.php?rest_route=%2Fwp%2Fv2%2Ftags&post=1378"}],"curies":[{"name":"wp","href":"https:\/\/api.w.org\/{rel}","templated":true}]}}