{"id":1384,"date":"2023-07-19T21:07:46","date_gmt":"2023-07-20T00:07:46","guid":{"rendered":"https:\/\/lametro989.com\/?p=1384"},"modified":"2023-07-19T21:07:46","modified_gmt":"2023-07-20T00:07:46","slug":"capitanich-y-adultos-mayores-definieron-una-agenda-de-politicas-prioritarias-para-el-sector","status":"publish","type":"post","link":"https:\/\/lametro989.com\/?p=1384","title":{"rendered":"Capitanich y adultos mayores definieron una agenda de pol\u00edticas prioritarias para el sector"},"content":{"rendered":"\n<p>El gobernador mantuvo un encuentro con miembros del club Amigos Solidarios donde comparti\u00f3 una merienda y definieron una agenda de actividades y pol\u00edticas para mejorar su calidad de vida, con m\u00e1s seguridad e infraestructura.<\/p>\n\n\n\n<figure class=\"wp-block-image size-full\"><img loading=\"lazy\" decoding=\"async\" width=\"850\" height=\"680\" src=\"https:\/\/lametro989.com\/wp-content\/uploads\/2023\/07\/imagen-228.png\" alt=\"\" class=\"wp-image-1385\" srcset=\"https:\/\/lametro989.com\/wp-content\/uploads\/2023\/07\/imagen-228.png 850w, https:\/\/lametro989.com\/wp-content\/uploads\/2023\/07\/imagen-228-300x240.png 300w, https:\/\/lametro989.com\/wp-content\/uploads\/2023\/07\/imagen-228-768x614.png 768w\" sizes=\"auto, (max-width: 850px) 100vw, 850px\" \/><\/figure>\n\n\n\n<p>El gobernador Jorge Capitanich particip\u00f3 este mi\u00e9rcoles de un encuentro con adultos mayores pertenecientes al club de jubilados y jubiladas &#8220;Amigos Solidarios&#8221;. En el marco del espacio, propiciado por la subsecretar\u00eda de Adultos Mayores del Ministerio de Desarrollo Social, <strong>comparti\u00f3 junto a ellos una merienda y un intercambio de pedidos y propuestas tendientes a mejorar la calidad de vida del sector.<\/strong><\/p>\n\n\n\n<p>&#8220;Nuestros adultos mayores hicieron un gran esfuerzo durante su vida y ahora es nuestro momento para escucharlos y devolverles el reconocimiento que se merecen&#8221;, expres\u00f3 el gobernador, quien tras atender pedidos de la comunidad, especialmente en materia cultural, les propuso participar en obras de teatro, trabajar en un programa cultural espec\u00edfico, y avanzar en el armado de una agenda conjunta de pol\u00edticas prioritarias.<\/p>\n\n\n\n<p>Acompa\u00f1ado por la ministra de Desarrollo Social, P\u00eda Chiacchio Cavana, y el titular de la subsecretar\u00eda de Adultos Mayores, Atilio Garcia Plitcha, el mandatario destac\u00f3 la importancia de la reuni\u00f3n y del intercambio directo con las y los participantes.\u00a0<\/p>\n\n\n\n<p>Emi Rol\u00f3n, presidenta del club manifest\u00f3 su alegr\u00eda por la presencia del mandatario expresando que <strong>&#8220;fue muy lindo saber que el gobernador nos pide esta reuni\u00f3n, que la m\u00e1xima autoridad de la provincia est\u00e9 compartiendo con nosotros esta merienda&#8221;<\/strong>, rememorando tambi\u00e9n el acompa\u00f1amiento que brind\u00f3 al club en sus comienzos, en 2010.<\/p>\n\n\n\n<p><strong>Las propuestas<\/strong><\/p>\n\n\n\n<p>En materia cultural, los adultos mayores propusieron la realizaci\u00f3n de cursos y talleres en horarios que posibiliten su participaci\u00f3n, entre los que se destacan cursos de computaci\u00f3n para poder aprender y realizar tr\u00e1mites v\u00eda celular, cer\u00e1mica, y lengua de se\u00f1as. Adem\u00e1s expresaron su deseo de asistir <strong>m\u00e1s asiduamente al Complejo Cultural Guido Miranda con una tem\u00e1tica y horarios acordes a sus necesidades.<\/strong><ins><\/ins><\/p>\n\n\n\n<p>Entre las propuestas tambi\u00e9n plantearon la mejora de colectivos del transporte urbano adaptados a adultos mayores, y solicitaron el arreglo de rampas y veredas teniendo especial reparo en quienes utilizan bastones, andadores o silla de ruedas.&nbsp;<\/p>\n\n\n\n<figure class=\"wp-block-image\"><img decoding=\"async\" src=\"https:\/\/www.diariochaco.com\/content\/bucket\/1\/580521w790h790c.jpg.webp\" alt=\"\"\/><\/figure>\n\n\n\n<p>Por su parte, Atilio Garc\u00eda Plitcha, m\u00e9dico y titular de la subsecretar\u00eda de personas adultas mayores, dependiente del Ministerio de Desarrollo Social de la provincia hizo referencia a la importancia de este y otro tipo de espacios<strong> &#8220;en los cuales se busca la promoci\u00f3n de la salud&#8221;<\/strong>. Recordando que hoy la provincia cuenta con 101 clubes para adultos mayores, explic\u00f3 que &#8220;de esta manera la subsecretar\u00eda vuelca diferentes tipos de actividades como conversatorios, desayunos, meriendas, para acercar a diferentes funcionarios de las \u00e1reas del gobierno, con la posibilidad de elevar las diferentes problem\u00e1ticas y compartir todo lo que es la gesti\u00f3n que se lleva a cabo para las personas adultas mayores&#8221;.&nbsp;<\/p>\n\n\n\n<p><strong>&#8220;De esta manera podemos ampliar tambi\u00e9n derechos, los que existen propiamente, y tambi\u00e9n ampliar en algunas demandas&#8221;,<\/strong> resalt\u00f3 Garc\u00eda Plitcha, reparando adem\u00e1s en el hecho de que &#8220;las personas pasan los 60 a\u00f1os con mejores capacidades f\u00edsicas e intelectuales y esto hace que vayamos cambiando tambi\u00e9n las observaciones&#8221;. Y agreg\u00f3 que &#8220;las pol\u00edticas que van dirigidas a las personas adultas mayores tienen esa mirada, <strong>con esa amplitud de una poblaci\u00f3n que continuamente va generando nuevas demandas<\/strong> y tambi\u00e9n, por supuesto, desde la provincia, dar nuevas respuestas&#8221;.<\/p>\n","protected":false},"excerpt":{"rendered":"<p>El gobernador mantuvo un encuentro con miembros del club Amigos Solidarios donde comparti\u00f3 una merienda y definieron una agenda de actividades y pol\u00edticas para mejorar&hellip; <\/p>\n","protected":false},"author":2,"featured_media":1385,"comment_status":"open","ping_status":"open","sticky":false,"template":"","format":"standard","meta":{"footnotes":""},"categories":[5],"tags":[],"class_list":["post-1384","post","type-post","status-publish","format-standard","has-post-thumbnail","hentry","category-politica"],"_links":{"self":[{"href":"https:\/\/lametro989.com\/index.php?rest_route=\/wp\/v2\/posts\/1384","targetHints":{"allow":["GET"]}}],"collection":[{"href":"https:\/\/lametro989.com\/index.php?rest_route=\/wp\/v2\/posts"}],"about":[{"href":"https:\/\/lametro989.com\/index.php?rest_route=\/wp\/v2\/types\/post"}],"author":[{"embeddable":true,"href":"https:\/\/lametro989.com\/index.php?rest_route=\/wp\/v2\/users\/2"}],"replies":[{"embeddable":true,"href":"https:\/\/lametro989.com\/index.php?rest_route=%2Fwp%2Fv2%2Fcomments&post=1384"}],"version-history":[{"count":1,"href":"https:\/\/lametro989.com\/index.php?rest_route=\/wp\/v2\/posts\/1384\/revisions"}],"predecessor-version":[{"id":1386,"href":"https:\/\/lametro989.com\/index.php?rest_route=\/wp\/v2\/posts\/1384\/revisions\/1386"}],"wp:featuredmedia":[{"embeddable":true,"href":"https:\/\/lametro989.com\/index.php?rest_route=\/wp\/v2\/media\/1385"}],"wp:attachment":[{"href":"https:\/\/lametro989.com\/index.php?rest_route=%2Fwp%2Fv2%2Fmedia&parent=1384"}],"wp:term":[{"taxonomy":"category","embeddable":true,"href":"https:\/\/lametro989.com\/index.php?rest_route=%2Fwp%2Fv2%2Fcategories&post=1384"},{"taxonomy":"post_tag","embeddable":true,"href":"https:\/\/lametro989.com\/index.php?rest_route=%2Fwp%2Fv2%2Ftags&post=1384"}],"curies":[{"name":"wp","href":"https:\/\/api.w.org\/{rel}","templated":true}]}}