{"id":1387,"date":"2023-07-19T21:10:51","date_gmt":"2023-07-20T00:10:51","guid":{"rendered":"https:\/\/lametro989.com\/?p=1387"},"modified":"2023-07-19T21:10:51","modified_gmt":"2023-07-20T00:10:51","slug":"en-el-medio-de-los-pedidos-de-unidad-el-pj-chaqueno-confirmo-el-congreso-provincial-para-el-29-de-julio","status":"publish","type":"post","link":"https:\/\/lametro989.com\/?p=1387","title":{"rendered":"En el medio de los pedidos de unidad, el PJ chaque\u00f1o confirm\u00f3 el Congreso Provincial para el 29 de julio"},"content":{"rendered":"\n<p>El \u00f3rgano partidario se dar\u00e1 cita en S\u00e1enz Pe\u00f1a con el objetivo de reunir a dirigentes y militantes. Esto se da mientras el foco sigue puesto en la posibilidad de conversaciones entre los m\u00e1ximos referentes del peronismo.<\/p>\n\n\n\n<figure class=\"wp-block-image size-full\"><img loading=\"lazy\" decoding=\"async\" width=\"850\" height=\"566\" src=\"https:\/\/lametro989.com\/wp-content\/uploads\/2023\/07\/imagen-229.png\" alt=\"\" class=\"wp-image-1388\" srcset=\"https:\/\/lametro989.com\/wp-content\/uploads\/2023\/07\/imagen-229.png 850w, https:\/\/lametro989.com\/wp-content\/uploads\/2023\/07\/imagen-229-300x200.png 300w, https:\/\/lametro989.com\/wp-content\/uploads\/2023\/07\/imagen-229-768x511.png 768w\" sizes=\"auto, (max-width: 850px) 100vw, 850px\" \/><\/figure>\n\n\n\n<p>El PJ chaque\u00f1o confirm\u00f3 que realizar\u00e1 el Congreso Provincial el pr\u00f3ximo 29 de julio en S\u00e1enz Pe\u00f1a, ocasi\u00f3n en la que se aprovechar\u00e1 para la asunci\u00f3n de las autoridades de ese \u00f3rgano partidario<strong>. La determinaci\u00f3n fue tomada luego de una reuni\u00f3n en la sede central del partido.<\/strong><\/p>\n\n\n\n<p>La consigna del encuentro, seg\u00fan detall\u00f3 la intendente de Barranqueras <strong>Magda Ayala<\/strong>, es &#8220;Primero est\u00e1 la Patria, despu\u00e9s el movimiento y por \u00faltimo los hombres&#8221;, lo que se puede entender como todo un mensaje en el contexto que atraviesa el peronismo chaque\u00f1o con sus principales referentes alejados y un pedido creciente de unidad.<\/p>\n\n\n\n<figure class=\"wp-block-image\"><img decoding=\"async\" src=\"https:\/\/www.diariochaco.com\/content\/bucket\/7\/580527w790h526c.jpg.webp\" alt=\"\"\/><\/figure>\n\n\n\n<p>De igual manera, desde el partido ven la convocatoria como una posibilidad de arengar a la militancia de cara a las elecciones generales de septiembre m\u00e1s que como un evento de reclamo, aunque tambi\u00e9n se espera que se escuchen voces pidiendo por la unificaci\u00f3n de los principales referentes partidarios <strong>Jorge Capitanich, Gustavo Mart\u00ednez, Juan Carlos Bacileff Ivanoff y Domingo Peppo.<\/strong> <\/p>\n\n\n\n<p>Las miradas contin\u00faan puestas en las conversaciones que puedan tener Capitanich y Mart\u00ednez, que fueron los dos m\u00e1s votados en las PASO. Varias fuentes consultadas por Diario Chaco afirman que hasta el momento ninguno de los dos hace fuerza por la unidad demandada, aunque consideran que la insistencia de diferentes sectores del justicialismo puede provocar que los principales l\u00edderes alcancen un acuerdo.<\/p>\n\n\n\n<figure class=\"wp-block-image\"><img decoding=\"async\" src=\"https:\/\/www.diariochaco.com\/content\/bucket\/5\/580525w790h527c.jpg.webp\" alt=\"\"\/><\/figure>\n\n\n\n<p>En este sentido, adem\u00e1s del pedido de unidad de los hist\u00f3ricos militantes del PJ, a su vez la semana pasada se manifest\u00f3 el sector pol\u00edtico gremial que est\u00e1 agrupado en las 62 Organizaciones Peronistas del Chaco, espacio dirigido por el diputado provincial Nicol\u00e1s Slimel.<\/p>\n\n\n\n<p>En el encuentro realizado tambi\u00e9n en la sede del PJ se aprovech\u00f3 para analizar lo que dejaron las primarias provinciales de agosto, para brindar el apoyo a la f\u00f3rmula nacional<strong> Sergio Massa-Agust\u00edn Rossi<\/strong> y para confirmar el liderazgo de Jorge Capitanich. Atado a este \u00faltimo punto, en el comunicado final marcaron que &#8220;la unidad de todos los sectores peronistas que han participado en las \u00faltimas PASO es una condici\u00f3n que estamos obligados a concretar de aqu\u00ed en adelante para defender la justicia social, la soberan\u00eda pol\u00edtica y la independencia econ\u00f3mica&#8221;.<ins><\/ins><\/p>\n\n\n\n<p>&#8220;Dentro del espacio pol\u00edtico gremial tenemos dirigentes que estamos vinculados con distintos sectores, algunos est\u00e1n vinculados con Gustavo, la gran mayor\u00eda m\u00e1s vinculado con la conducci\u00f3n de Capitanich, pero todos tenemos diferentes formas de ver y todos coincidimos que en este momento tan particular y cr\u00edtico desde el punto de vista de los distintos acontecimientos sociales que vienen pasando, m\u00e1s que nunca tenemos que mostrar unidad y fortaleza&#8221;, cont\u00f3 Slimel.<\/p>\n\n\n\n<p>El legislador agreg\u00f3 tambi\u00e9n que &#8220;vamos a seguir acompa\u00f1ando y cada uno de los gestos que vamos a hacer van a ser para tratar de que se vuelvan a juntar y que pueda haber unidad, s\u00e9 que hay conversaciones directas o indirectas, en ese trabajo se est\u00e1 avanzando. Creo que el marco nacional demuestra una posibilidad de unificar algunos criterios&#8221;.<\/p>\n\n\n\n<p>&#8220;Me parece necesaria la unidad, pero no me parece definitoria en una elecci\u00f3n. El mismo peronista que pudo haber acompa\u00f1ado a Gustavo o Peppo sabe que no tienen posibilidad de ganar. Va a ser una elecci\u00f3n mucho m\u00e1s polarizada&#8221;, cerr\u00f3.<\/p>\n","protected":false},"excerpt":{"rendered":"<p>El \u00f3rgano partidario se dar\u00e1 cita en S\u00e1enz Pe\u00f1a con el objetivo de reunir a dirigentes y militantes. Esto se da mientras el foco sigue&hellip; <\/p>\n","protected":false},"author":2,"featured_media":1388,"comment_status":"open","ping_status":"open","sticky":false,"template":"","format":"standard","meta":{"footnotes":""},"categories":[9,5],"tags":[],"class_list":["post-1387","post","type-post","status-publish","format-standard","has-post-thumbnail","hentry","category-destacadas","category-politica"],"_links":{"self":[{"href":"https:\/\/lametro989.com\/index.php?rest_route=\/wp\/v2\/posts\/1387","targetHints":{"allow":["GET"]}}],"collection":[{"href":"https:\/\/lametro989.com\/index.php?rest_route=\/wp\/v2\/posts"}],"about":[{"href":"https:\/\/lametro989.com\/index.php?rest_route=\/wp\/v2\/types\/post"}],"author":[{"embeddable":true,"href":"https:\/\/lametro989.com\/index.php?rest_route=\/wp\/v2\/users\/2"}],"replies":[{"embeddable":true,"href":"https:\/\/lametro989.com\/index.php?rest_route=%2Fwp%2Fv2%2Fcomments&post=1387"}],"version-history":[{"count":1,"href":"https:\/\/lametro989.com\/index.php?rest_route=\/wp\/v2\/posts\/1387\/revisions"}],"predecessor-version":[{"id":1389,"href":"https:\/\/lametro989.com\/index.php?rest_route=\/wp\/v2\/posts\/1387\/revisions\/1389"}],"wp:featuredmedia":[{"embeddable":true,"href":"https:\/\/lametro989.com\/index.php?rest_route=\/wp\/v2\/media\/1388"}],"wp:attachment":[{"href":"https:\/\/lametro989.com\/index.php?rest_route=%2Fwp%2Fv2%2Fmedia&parent=1387"}],"wp:term":[{"taxonomy":"category","embeddable":true,"href":"https:\/\/lametro989.com\/index.php?rest_route=%2Fwp%2Fv2%2Fcategories&post=1387"},{"taxonomy":"post_tag","embeddable":true,"href":"https:\/\/lametro989.com\/index.php?rest_route=%2Fwp%2Fv2%2Ftags&post=1387"}],"curies":[{"name":"wp","href":"https:\/\/api.w.org\/{rel}","templated":true}]}}