{"id":1390,"date":"2023-07-19T21:13:52","date_gmt":"2023-07-20T00:13:52","guid":{"rendered":"https:\/\/lametro989.com\/?p=1390"},"modified":"2023-07-19T21:13:52","modified_gmt":"2023-07-20T00:13:52","slug":"el-dirigente-social-quintin-gomez-fue-denunciado-por-violacion-y-el-frente-chaqueno-despejo-dudas-sobre-su-renuncia-a-la-candidatura","status":"publish","type":"post","link":"https:\/\/lametro989.com\/?p=1390","title":{"rendered":"El dirigente social Quint\u00edn G\u00f3mez fue denunciado por violaci\u00f3n y el Frente Chaque\u00f1o despej\u00f3 dudas sobre su renuncia a la candidatura"},"content":{"rendered":"\n<p>El aberrante hecho habr\u00eda ocurrido el pasado 10 de julio, en un domicilio particular de G\u00f3mez en Colonia Ben\u00edtez. Mediante un comunicado, el Gobierno aclar\u00f3 que el hombre hab\u00eda renunciado a su candidatura dentro del Frente a finales de junio.<\/p>\n\n\n\n<figure class=\"wp-block-image size-full\"><img loading=\"lazy\" decoding=\"async\" width=\"850\" height=\"525\" src=\"https:\/\/lametro989.com\/wp-content\/uploads\/2023\/07\/imagen-230.png\" alt=\"\" class=\"wp-image-1391\" srcset=\"https:\/\/lametro989.com\/wp-content\/uploads\/2023\/07\/imagen-230.png 850w, https:\/\/lametro989.com\/wp-content\/uploads\/2023\/07\/imagen-230-300x185.png 300w, https:\/\/lametro989.com\/wp-content\/uploads\/2023\/07\/imagen-230-768x474.png 768w\" sizes=\"auto, (max-width: 850px) 100vw, 850px\" \/><\/figure>\n\n\n\n<p>El Gobierno del Chaco hizo p\u00fablica la renuncia a la candidatura para las generales del reconocido dirigente social <strong>Quint\u00edn G\u00f3mez<\/strong>, luego de que \u00e9ste fuera acusado de violar a una docente que trabaja en una <strong>Escuela de Gesti\u00f3n Social<\/strong> del barrio M.T.D Zona Norte, el pasado 10 de julio.<\/p>\n\n\n\n<p>La denuncia por parte de la trabajadora de 53 a\u00f1os, oriunda de Resistencia, fue dada a conocer esta ma\u00f1ana tras una entrevista en el programa radial Alerta Urbana. La mujer, identificada por sus siglas L.N.N, dijo que &#8220;Quint\u00edn&#8221; la abus\u00f3 sexualmente en una vivienda de Colonia Ben\u00edtez, <strong>tras ser llevada hasta el lugar bajo el pretexto de que deb\u00eda cocinar -como ser\u00eda habitual- para un grupo de personas.<\/strong><\/p>\n\n\n\n<p>Distintas versiones aseguraron que el dirigente social present\u00f3 su renuncia a la candidatura dentro del Frente Chaque\u00f1o el mismo d\u00eda, pero tras los trascendidos el Gobierno emiti\u00f3 un comunicado este mi\u00e9rcoles y confirm\u00f3 que G\u00f3mez present\u00f3 su renuncia el <strong>30 de junio<\/strong>, es decir, <strong>diez d\u00edas antes del hecho denunciado<\/strong>.<\/p>\n\n\n\n<p>Seg\u00fan afirmaron desde Casa de Gobierno, G\u00f3mez renunci\u00f3 por motivos de reorganizaci\u00f3n de las listas de candidatos a diputados para las elecciones generales. Al momento de su inscripci\u00f3n como precandidato, adem\u00e1s, no presentaba denuncias previas -acorde a lo informado-.<\/p>\n\n\n\n<p>En este sentido, el Frente Chaque\u00f1o expres\u00f3 su <strong>&#8220;acompa\u00f1amiento a la denunciante y un en\u00e9rgico repudio a la situaci\u00f3n denunciada&#8221;.<\/strong> &#8220;El Frente Chaque\u00f1o reafirma su compromiso en la defensa de los derechos de las mujeres y las diversidades y contra las desigualdades por motivos de g\u00e9nero para la construcci\u00f3n de una sociedad democr\u00e1tica, libre de violencias, y con mayor igualdad&#8221;, dijeron.<\/p>\n\n\n\n<p><strong>LA DENUNCIA<\/strong><ins><\/ins><\/p>\n\n\n\n<p>L.N.N afirm\u00f3 que trabajaba junto a Quint\u00edn G\u00f3mez desde hace un a\u00f1o y medio, por su rol de preceptora auxiliar dentro de la Escuela de Gesti\u00f3n Social E.P.G.S Lucho Lezcano Descamisados M.T.D Zona Norte.<\/p>\n\n\n\n<p>&#8220;Viajaba por todos lados con Quint\u00edn a mirar y controlar en todos los colegios que hac\u00eda falta. <strong>Viaj\u00e1bamos siempre en grupos de personas, en la camioneta de \u00e9l<\/strong>&#8220;, dijo la mujer en di\u00e1logo con Gustavo Olivello.<\/p>\n\n\n\n<p>Respecto a la denuncia de lo ocurrido el 10 de julio, dijo: &#8220;Me llama y me dice para ir a Colonia Ben\u00edtez. \u00c9l ah\u00ed tiene una casa donde se junta todo el movimiento para charlar y compartir. Cuando eso pasaba ten\u00edamos que hacer las compras, cocinar, lavar los platos, etc\u00e9tera. Ese d\u00eda me busca s\u00f3lo por mi casa, subo a la camioneta y le pregunto si viajaba otra mujer que suele ir conmigo, <strong>y me respondi\u00f3 que la iba a pasar a buscar&#8221;<\/strong>.<\/p>\n\n\n\n<p>Y agreg\u00f3: &#8220;No la pasamos a buscar, y me dijo que seguramente se hab\u00eda ido con otros. Cuando ingresamos -al domicilio-, ingresamos como siempre. Lo primero que hago es mirar lo que hab\u00eda en la heladera para ver qu\u00e9 hab\u00eda para cocinar o ver qu\u00e9 hac\u00eda falta para ir a comprar, porque iban a llegar personas&#8221;.<\/p>\n\n\n\n<p>&#8220;Mientras estoy revisando la heladera, <strong>Quint\u00edn G\u00f3mez me aparece de atr\u00e1s saliendo de la pieza totalmente desnudo<\/strong> y me agarra fuertemente de los dos brazos y me dice que no haga nada y que no diga nada de esto. Yo forcejeaba y le dec\u00eda por qu\u00e9. Ten\u00eda mucho miedo porque estaba sola y no hab\u00eda nadie alrededor. <strong>Me lleva por la fuerza hacia la pieza, siempre sosteni\u00e9ndome fuerte de los brazos, y ah\u00ed abusa sexualmente de m\u00ed&#8221;<\/strong>, relat\u00f3 la denunciante.<\/p>\n\n\n\n<p>Acorde a su versi\u00f3n, el dirigente luego hizo vida normal y la volvi\u00f3 a amenazar antes de dejarla en su casa. La denuncia ante la dependencia policial lleg\u00f3 una semana despu\u00e9s, cuando la mujer tambi\u00e9n habr\u00eda asistido a un m\u00e9dico para ser examinada.<\/p>\n","protected":false},"excerpt":{"rendered":"<p>El aberrante hecho habr\u00eda ocurrido el pasado 10 de julio, en un domicilio particular de G\u00f3mez en Colonia Ben\u00edtez. Mediante un comunicado, el Gobierno aclar\u00f3&hellip; <\/p>\n","protected":false},"author":2,"featured_media":1391,"comment_status":"open","ping_status":"open","sticky":false,"template":"","format":"standard","meta":{"footnotes":""},"categories":[9,2],"tags":[],"class_list":["post-1390","post","type-post","status-publish","format-standard","has-post-thumbnail","hentry","category-destacadas","category-provinciales"],"_links":{"self":[{"href":"https:\/\/lametro989.com\/index.php?rest_route=\/wp\/v2\/posts\/1390","targetHints":{"allow":["GET"]}}],"collection":[{"href":"https:\/\/lametro989.com\/index.php?rest_route=\/wp\/v2\/posts"}],"about":[{"href":"https:\/\/lametro989.com\/index.php?rest_route=\/wp\/v2\/types\/post"}],"author":[{"embeddable":true,"href":"https:\/\/lametro989.com\/index.php?rest_route=\/wp\/v2\/users\/2"}],"replies":[{"embeddable":true,"href":"https:\/\/lametro989.com\/index.php?rest_route=%2Fwp%2Fv2%2Fcomments&post=1390"}],"version-history":[{"count":1,"href":"https:\/\/lametro989.com\/index.php?rest_route=\/wp\/v2\/posts\/1390\/revisions"}],"predecessor-version":[{"id":1392,"href":"https:\/\/lametro989.com\/index.php?rest_route=\/wp\/v2\/posts\/1390\/revisions\/1392"}],"wp:featuredmedia":[{"embeddable":true,"href":"https:\/\/lametro989.com\/index.php?rest_route=\/wp\/v2\/media\/1391"}],"wp:attachment":[{"href":"https:\/\/lametro989.com\/index.php?rest_route=%2Fwp%2Fv2%2Fmedia&parent=1390"}],"wp:term":[{"taxonomy":"category","embeddable":true,"href":"https:\/\/lametro989.com\/index.php?rest_route=%2Fwp%2Fv2%2Fcategories&post=1390"},{"taxonomy":"post_tag","embeddable":true,"href":"https:\/\/lametro989.com\/index.php?rest_route=%2Fwp%2Fv2%2Ftags&post=1390"}],"curies":[{"name":"wp","href":"https:\/\/api.w.org\/{rel}","templated":true}]}}