{"id":1393,"date":"2023-07-19T21:26:55","date_gmt":"2023-07-20T00:26:55","guid":{"rendered":"https:\/\/lametro989.com\/?p=1393"},"modified":"2023-07-19T21:26:55","modified_gmt":"2023-07-20T00:26:55","slug":"horacio-rodriguez-larreta-hablo-sobre-una-posible-venta-de-aerolineas-argentinas-y-prometio-reabrir-el-aeropuerto-de-el-palomar","status":"publish","type":"post","link":"https:\/\/lametro989.com\/?p=1393","title":{"rendered":"Horacio Rodr\u00edguez Larreta habl\u00f3 sobre una posible venta de Aerol\u00edneas Argentinas y prometi\u00f3 reabrir el aeropuerto de El Palomar"},"content":{"rendered":"\n<p><strong>Horacio Rodr\u00edguez Larreta<\/strong>, precandidato presidencial de Juntos por el Cambio y jefe de Gobierno porte\u00f1o, <strong>carg\u00f3 contra M\u00e1ximo Kirchner luego de que el diputado presentara un proyecto para prohibir la transferencia de las acciones de Aerol\u00edneas Argentinas sin la autorizaci\u00f3n del Congreso Nacional<\/strong>.<\/p>\n\n\n\n<figure class=\"wp-block-image size-large\"><img loading=\"lazy\" decoding=\"async\" width=\"1024\" height=\"683\" src=\"https:\/\/lametro989.com\/wp-content\/uploads\/2023\/07\/imagen-231-1024x683.png\" alt=\"\" class=\"wp-image-1394\" srcset=\"https:\/\/lametro989.com\/wp-content\/uploads\/2023\/07\/imagen-231-1024x683.png 1024w, https:\/\/lametro989.com\/wp-content\/uploads\/2023\/07\/imagen-231-300x200.png 300w, https:\/\/lametro989.com\/wp-content\/uploads\/2023\/07\/imagen-231-768x512.png 768w, https:\/\/lametro989.com\/wp-content\/uploads\/2023\/07\/imagen-231.png 1140w\" sizes=\"auto, (max-width: 1024px) 100vw, 1024px\" \/><\/figure>\n\n\n\n<p><strong>&#8220;Aerol\u00edneas tiene que autofinanciarse como toda empresa<\/strong>, hay que plantear d\u00e9ficit cero durante el primer a\u00f1o&#8221;, propuso en plena campa\u00f1a electoral respecto a un tema que genera pol\u00e9mica en el interior de Juntos por el Cambio. <strong>&#8220;Los argentinos no tienen por qu\u00e9 subsidiarla&#8221;<\/strong>, sentenci\u00f3 el competidor de Patricia Bullrich en las pr\u00f3ximas PASO del 13 de agosto y agreg\u00f3: &#8220;<strong>Ten\u00e9s miles de aerol\u00edneas en el mundo que se autofinancian, algunas hasta ganan plata<\/strong>&#8220;.<\/p>\n\n\n\n<p>Sus dichos llegaron luego de que el diputado de Uni\u00f3n por la Patria y dirigente de La C\u00e1mpora, a trav\u00e9s de una modificaci\u00f3n de la Ley 26.466, <strong>buscara blindar la aerol\u00ednea de bandera para hacer m\u00e1s dif\u00edcil cualquier intento de privatizaci\u00f3n<\/strong>. La iniciativa establece &#8220;la prohibici\u00f3n de la transferencia de las acciones sin la autorizaci\u00f3n del Congreso de la Naci\u00f3n votada por las dos terceras partes de sus miembros&#8221;.<\/p>\n\n\n\n<p>Al respecto, <strong><a rel=\"noreferrer noopener\" href=\"https:\/\/www.diariopopular.com.ar\/politica\/rodriguez-larreta-y-morales-presentaron-sus-propuestas-materia-energetica-n728985\" target=\"_blank\">Rodr\u00edguez Larreta plante\u00f3 la necesidad<\/a> de que la compa\u00f1\u00eda &#8220;est\u00e9 equilibrada&#8221; y que los argentinos &#8220;no tengan que subsidiarla todos los a\u00f1os&#8221;<\/strong>. &#8220;Son 700 millones de d\u00f3lares por a\u00f1o que la familia del Conurbano subsidia a trav\u00e9s del IVA de la leche&#8221;, calcul\u00f3 en una entrevista con el canal de aire Todo Noticias.<\/p>\n\n\n\n<p><strong>&#8220;No digo que haya que cerrar ni que privatizar<\/strong>, digo que los argentinos no tienen por qu\u00e9 subsidiarlo&#8221;, remarc\u00f3 al tiempo que se mostr\u00f3 firme en recortar el financiamiento estatal de no equilibrar las cuentas. En la misma l\u00ednea, aclar\u00f3: <strong>&#8220;Si no logra ese equilibrio no se le de m\u00e1s plata<\/strong>. Lo digo para aerol\u00edneas como para cualquier empresa, por qu\u00e9 la se\u00f1ora del Conurbano con el IVA de su leche tiene que pagarle pasajes gratis a los familiares de Aerol\u00edneas&#8221;.<\/p>\n\n\n\n<p>Luego, complet\u00f3: &#8220;Los directivos de Aerol\u00edneas sabr\u00e1n c\u00f3mo hacer para tener un presupuesto equilibrado&#8221;. Y reiter\u00f3: &#8220;Que se autofinancien. Tienen las condiciones y hay activos que el Estado&#8221;. Por \u00faltimo, acus\u00f3 al Gobierno de Alberto Fern\u00e1ndez de haber cerrado el Aeropuerto El Palomar &#8220;porque lo abri\u00f3 (Mauricio) Macri&#8221; y prometi\u00f3 reabrirlo de convertirse en Presidente. &#8220;El Palomar lo vuelvo a abrir al otro d\u00eda, hay que hacer obras porque lo dejaron deteriorarse&#8221;, cerr\u00f3.<\/p>\n\n\n\n<h2 class=\"wp-block-heading\"><strong>Miguel \u00c1ngel Pichetto analiz\u00f3 las elecciones en Santa Fe<\/strong><\/h2>\n\n\n\n<p><strong>Miguel \u00c1ngel Pichetto<\/strong>, auditor general de la Naci\u00f3n y precandidato a diputado nacional bonaerense de Juntos por el Cambio, analiz\u00f3 lo ocurrido en la PASO santafesinas que se celebraron el domingo pasado. &#8220;En Santa Fe ha habido una respuesta de la ciudadan\u00eda en orden a que la mesura, el compromiso con la pol\u00edtica, el recorrer el territorio, termina reconoci\u00e9ndose. Fue un mensaje para los extremos, para los que van sobre la l\u00ednea de cal o por afuera, en t\u00e9rminos futbol\u00edsticos&#8221;, se\u00f1al\u00f3 en declaraciones a CNN Radio.<\/p>\n\n\n\n<p>Alineado en la interna con el sector que encabeza Horacio Rodr\u00edguez Larreta, <strong>se refiri\u00f3 as\u00ed al triunfo de Maximiliano Pullaro, tambi\u00e9n avalado por el jefe de Gobierno porte\u00f1o y vencedor de Carolina Losada, quien ten\u00eda el respaldo de la otra postulante presidencial de JxC, Patricia Bullrich<\/strong>. Adem\u00e1s, Pichettto pidi\u00f3 adem\u00e1s &#8220;desdramatizar&#8221; las internas, al considerar que &#8220;todas las diferencias se solucionar\u00e1n el 13 de agosto&#8221;, cuando se realicen las PASO nacionales de las que surgir\u00e1 el candidato a Presidente que representar\u00e1 a la coalici\u00f3n en las elecciones generales del 22 de octubre.&#8221;Tengo la visi\u00f3n de que JxC se ordenar\u00e1. Vamos a salir m\u00e1s fuertes. Nos tenemos que preparar para gobernar Argentina y abrir un mecanismo de dialogo democr\u00e1tico en el pa\u00eds&#8221;, afirm\u00f3 el titular de la AGN.Luego, tambi\u00e9n opin\u00f3 sobre la pol\u00e9mica por las declaraciones <strong>Juan Manuel L\u00f3pez<\/strong>, el diputado de la Coalici\u00f3n C\u00edvica que sostuvo que si gana Bullrich las elecciones, la Argentina podr\u00eda terminar como en &#8220;diciembre de 2001&#8221;. &#8220;Explic\u00f3 que lo dijo por su cuenta. No creo para nada que Larreta haya influido en estas definiciones&#8221;, agreg\u00f3 Pichetto luego que el sector referenciado en Bullrich pidiera p\u00fablicamente que el jefe de Gobierno condenara esos dichos.<\/p>\n","protected":false},"excerpt":{"rendered":"<p>Horacio Rodr\u00edguez Larreta, precandidato presidencial de Juntos por el Cambio y jefe de Gobierno porte\u00f1o, carg\u00f3 contra M\u00e1ximo Kirchner luego de que el diputado presentara&hellip; <\/p>\n","protected":false},"author":2,"featured_media":1394,"comment_status":"open","ping_status":"open","sticky":false,"template":"","format":"standard","meta":{"footnotes":""},"categories":[13],"tags":[],"class_list":["post-1393","post","type-post","status-publish","format-standard","has-post-thumbnail","hentry","category-nacionales"],"_links":{"self":[{"href":"https:\/\/lametro989.com\/index.php?rest_route=\/wp\/v2\/posts\/1393","targetHints":{"allow":["GET"]}}],"collection":[{"href":"https:\/\/lametro989.com\/index.php?rest_route=\/wp\/v2\/posts"}],"about":[{"href":"https:\/\/lametro989.com\/index.php?rest_route=\/wp\/v2\/types\/post"}],"author":[{"embeddable":true,"href":"https:\/\/lametro989.com\/index.php?rest_route=\/wp\/v2\/users\/2"}],"replies":[{"embeddable":true,"href":"https:\/\/lametro989.com\/index.php?rest_route=%2Fwp%2Fv2%2Fcomments&post=1393"}],"version-history":[{"count":1,"href":"https:\/\/lametro989.com\/index.php?rest_route=\/wp\/v2\/posts\/1393\/revisions"}],"predecessor-version":[{"id":1395,"href":"https:\/\/lametro989.com\/index.php?rest_route=\/wp\/v2\/posts\/1393\/revisions\/1395"}],"wp:featuredmedia":[{"embeddable":true,"href":"https:\/\/lametro989.com\/index.php?rest_route=\/wp\/v2\/media\/1394"}],"wp:attachment":[{"href":"https:\/\/lametro989.com\/index.php?rest_route=%2Fwp%2Fv2%2Fmedia&parent=1393"}],"wp:term":[{"taxonomy":"category","embeddable":true,"href":"https:\/\/lametro989.com\/index.php?rest_route=%2Fwp%2Fv2%2Fcategories&post=1393"},{"taxonomy":"post_tag","embeddable":true,"href":"https:\/\/lametro989.com\/index.php?rest_route=%2Fwp%2Fv2%2Ftags&post=1393"}],"curies":[{"name":"wp","href":"https:\/\/api.w.org\/{rel}","templated":true}]}}