{"id":1396,"date":"2023-07-19T21:31:11","date_gmt":"2023-07-20T00:31:11","guid":{"rendered":"https:\/\/lametro989.com\/?p=1396"},"modified":"2023-07-19T21:31:11","modified_gmt":"2023-07-20T00:31:11","slug":"una-familia-necesito-232-426-para-no-caer-en-la-pobreza","status":"publish","type":"post","link":"https:\/\/lametro989.com\/?p=1396","title":{"rendered":"Una familia necesit\u00f3 $232.426 para no caer en la pobreza"},"content":{"rendered":"\n<p>El<strong> costo de la canasta b\u00e1sica total (CBT), <\/strong>que adem\u00e1s de alimentos re\u00fane indumentaria y transporte, marc\u00f3 un incremento de 6,7% en junio, por lo cual el mismo grupo familiar necesit\u00f3 contar con ingresos por <strong>$ 232.426 <\/strong>para no caer debajo de la l\u00ednea de pobreza, seg\u00fan inform\u00f3 este mi\u00e9rcoles el <strong>Instituto Nacional de Estad\u00edstica y Censos (Indec).<\/strong><\/p>\n\n\n\n<figure class=\"wp-block-image size-large\"><img loading=\"lazy\" decoding=\"async\" width=\"1024\" height=\"656\" src=\"https:\/\/lametro989.com\/wp-content\/uploads\/2023\/07\/imagen-232-1024x656.png\" alt=\"\" class=\"wp-image-1397\" srcset=\"https:\/\/lametro989.com\/wp-content\/uploads\/2023\/07\/imagen-232-1024x656.png 1024w, https:\/\/lametro989.com\/wp-content\/uploads\/2023\/07\/imagen-232-300x192.png 300w, https:\/\/lametro989.com\/wp-content\/uploads\/2023\/07\/imagen-232-768x492.png 768w, https:\/\/lametro989.com\/wp-content\/uploads\/2023\/07\/imagen-232.png 1140w\" sizes=\"auto, (max-width: 1024px) 100vw, 1024px\" \/><\/figure>\n\n\n\n<p>Mientras que el costo de los productos que integran la <strong>canasta b\u00e1sica alimentaria (CBA) <\/strong>subi\u00f3 5,2 % en junio, por lo que un grupo familiar compuesto por dos adultos y dos menores necesit\u00f3 percibir ingresos por $ 104.227 para no caer en la indigencia.<\/p>\n\n\n\n<figure class=\"wp-block-image\"><img decoding=\"async\" src=\"https:\/\/media.diariopopular.com.ar\/p\/dc408d97ac9138baecbe5bf951e3e1ad\/adjuntos\/143\/imagenes\/008\/098\/0008098527\/1140x0\/smart\/f1a70wvwaacataujpg.jpg\" alt=\"Indec: canasta b\u00e1sica. \" title=\"Indec: canasta b\u00e1sica. \"\/><\/figure>\n\n\n\n<p>Indec: canasta b\u00e1sica.<\/p>\n\n\n\n<p>La canasta b\u00e1sica alimentaria (CBA) se ha determinado tomando en cuenta los requerimientos normativos kilocal\u00f3ricos y proteicos imprescindibles para que un var\u00f3n adulto de entre 30 y 60 a\u00f1os, de actividad moderada, cubra durante un mes esas necesidades.<\/p>\n\n\n\n<p>Se seleccionaron los alimentos y las cantidades en funci\u00f3n de los h\u00e1bitos de consumo de la poblaci\u00f3n a partir de la informaci\u00f3n provista por la Encuesta Nacional de Gastos de los Hogares (ENGHo).<\/p>\n\n\n\n<p>La composici\u00f3n de cada hogar, en t\u00e9rminos de adultos equivalentes, determina un valor de CBA espec\u00edfico para ese hogar. Surge de la multiplicaci\u00f3n del costo de la CBA del adulto equivalente por la cantidad de adultos equivalentes que conforman el hogar.<\/p>\n\n\n\n<h3 class=\"wp-block-heading\"><strong>La canasta de crianza<\/strong><\/h3>\n\n\n\n<p>La canasta de crianza durante junio de 2023 se valoriz\u00f3 en $103.635 para menores de 1 a\u00f1o, $122.346 para infantes de 1 a 3 a\u00f1os, $98.516 para los tramos de 4 y 5 a\u00f1os, y $93.932 para ni\u00f1os, ni\u00f1as y adolescentes de 6 a 12 a\u00f1os, seg\u00fan inform\u00f3 este mi\u00e9rcoles el Instituto Nacional de Estad\u00edstica y Censos (Indec).<\/p>\n\n\n\n<figure class=\"wp-block-image\"><img decoding=\"async\" src=\"https:\/\/media.diariopopular.com.ar\/p\/e1b75cbdf5cc8d056eab6cb8b9defcac\/adjuntos\/143\/imagenes\/008\/098\/0008098528\/1140x0\/smart\/f1a_ll8wcain9dnjpg.jpg\" alt=\"Indec: canasta de crianza. \" title=\"Indec: canasta de crianza. \"\/><\/figure>\n\n\n\n<p>Indec: canasta de crianza.<\/p>\n\n\n\n<p>El INDEC presenta la valorizaci\u00f3n de la canasta de crianza de la primera infancia, la ni\u00f1ez y la adolescencia (0 a 12 a\u00f1os), de acuerdo con los lineamientos del documento Costo de consumos y cuidados de la primera infancia, la ni\u00f1ez y la adolescencia.Una aproximaci\u00f3n metodol\u00f3gica, de la Direcci\u00f3n Nacional de Econom\u00eda, Igualdad y G\u00e9nero del Ministerio de Econom\u00eda de la Naci\u00f3n (2023). La canasta incluye tanto el costo mensual para adquirir los bienes y servicios para el desarrollo de infantes, ni\u00f1as, ni\u00f1os y adolescentes, as\u00ed como el costo de cuidado que surge a partir de la valorizaci\u00f3n del tiempo requerido para dicha actividad.<\/p>\n\n\n\n<h3 class=\"wp-block-heading\"><strong>El intercambio comercial cerr\u00f3 junio con un d\u00e9ficit de US$ 1.727 millones<\/strong><\/h3>\n\n\n\n<p>El intercambio comercial cerr\u00f3 junio con un d\u00e9ficit de US$1.727 millones, frente a un resultado tambi\u00e9n negativo de US$ 231 millones registrado en igual mes del a\u00f1o pasado, inform\u00f3 hoy el Instituto Nacional de Estad\u00edstica y Censos (Indec)<\/p>\n\n\n\n<p>De esta manera, durante el primer semestre el balance marca un resultado negativo de US$ 4.387 millones, impactado fundamentalmente por la sequ\u00eda, que coteja con un super\u00e1vit de US$ 2.977 millones de igual per\u00edodo de 2022.<\/p>\n\n\n\n<figure class=\"wp-block-image\"><img decoding=\"async\" src=\"https:\/\/media.diariopopular.com.ar\/p\/363f8383f438433cacbe0cb47d6fe841\/adjuntos\/143\/imagenes\/008\/098\/0008098530\/1140x0\/smart\/f1badzpxsaeco91jpg.jpg\" alt=\"Indec: intercambio comercial. \" title=\"Indec: intercambio comercial. \"\/><\/figure>\n\n\n\n<p>Indec: intercambio comercial.<\/p>\n\n\n\n<p>Desde diciembre de 2022 la evoluci\u00f3n del costo del transporte internacional registr\u00f3 una tendencia decreciente sostenida, alcanzando en junio de 2023 el nivel promedio de los primeros nueve meses de 2021 (el alza del valor promedio se observ\u00f3 a partir de octubre de 2021 y se mantuvo hasta noviembre de 2022, donde se registr\u00f3 el valor m\u00e1ximo, 169,5 d\u00f3lares por tonelada).Los fletes provenientes de las zonas seleccionadas: China, UMSCA, Uni\u00f3n Europea y Mercosur en conjunto representaron el 78,9% del total. Respecto a China, el costo del flete disminuy\u00f3 36,3% con relaci\u00f3n a junio del a\u00f1o anterior<\/p>\n","protected":false},"excerpt":{"rendered":"<p>El costo de la canasta b\u00e1sica total (CBT), que adem\u00e1s de alimentos re\u00fane indumentaria y transporte, marc\u00f3 un incremento de 6,7% en junio, por lo&hellip; <\/p>\n","protected":false},"author":2,"featured_media":1397,"comment_status":"open","ping_status":"open","sticky":false,"template":"","format":"standard","meta":{"footnotes":""},"categories":[13],"tags":[],"class_list":["post-1396","post","type-post","status-publish","format-standard","has-post-thumbnail","hentry","category-nacionales"],"_links":{"self":[{"href":"https:\/\/lametro989.com\/index.php?rest_route=\/wp\/v2\/posts\/1396","targetHints":{"allow":["GET"]}}],"collection":[{"href":"https:\/\/lametro989.com\/index.php?rest_route=\/wp\/v2\/posts"}],"about":[{"href":"https:\/\/lametro989.com\/index.php?rest_route=\/wp\/v2\/types\/post"}],"author":[{"embeddable":true,"href":"https:\/\/lametro989.com\/index.php?rest_route=\/wp\/v2\/users\/2"}],"replies":[{"embeddable":true,"href":"https:\/\/lametro989.com\/index.php?rest_route=%2Fwp%2Fv2%2Fcomments&post=1396"}],"version-history":[{"count":1,"href":"https:\/\/lametro989.com\/index.php?rest_route=\/wp\/v2\/posts\/1396\/revisions"}],"predecessor-version":[{"id":1398,"href":"https:\/\/lametro989.com\/index.php?rest_route=\/wp\/v2\/posts\/1396\/revisions\/1398"}],"wp:featuredmedia":[{"embeddable":true,"href":"https:\/\/lametro989.com\/index.php?rest_route=\/wp\/v2\/media\/1397"}],"wp:attachment":[{"href":"https:\/\/lametro989.com\/index.php?rest_route=%2Fwp%2Fv2%2Fmedia&parent=1396"}],"wp:term":[{"taxonomy":"category","embeddable":true,"href":"https:\/\/lametro989.com\/index.php?rest_route=%2Fwp%2Fv2%2Fcategories&post=1396"},{"taxonomy":"post_tag","embeddable":true,"href":"https:\/\/lametro989.com\/index.php?rest_route=%2Fwp%2Fv2%2Ftags&post=1396"}],"curies":[{"name":"wp","href":"https:\/\/api.w.org\/{rel}","templated":true}]}}