{"id":1403,"date":"2023-07-19T21:44:06","date_gmt":"2023-07-20T00:44:06","guid":{"rendered":"https:\/\/lametro989.com\/?p=1403"},"modified":"2023-07-19T22:01:49","modified_gmt":"2023-07-20T01:01:49","slug":"la-insolita-disputa-entre-la-libertad-avanza-y-una-lista-de-candidatos-en-santa-cruz-que-se-llama-milei","status":"publish","type":"post","link":"https:\/\/lametro989.com\/?p=1403","title":{"rendered":"La ins\u00f3lita disputa entre La Libertad Avanza y una lista de candidatos en Santa Cruz que se llama MILEI"},"content":{"rendered":"\n<p>El propio Javier Milei cuestion\u00f3 la presunta estrategia pol\u00edtica y lament\u00f3 que, si ese espacio provincial pierde, se \u201chablar\u00e1 de mala elecci\u00f3n\u201d y de que su nombre \u201cestaba en la boleta\u201d<\/p>\n\n\n\n<figure class=\"wp-block-image size-full\"><img loading=\"lazy\" decoding=\"async\" width=\"768\" height=\"432\" src=\"https:\/\/lametro989.com\/wp-content\/uploads\/2023\/07\/imagen-234.png\" alt=\"\" class=\"wp-image-1404\" srcset=\"https:\/\/lametro989.com\/wp-content\/uploads\/2023\/07\/imagen-234.png 768w, https:\/\/lametro989.com\/wp-content\/uploads\/2023\/07\/imagen-234-300x169.png 300w\" sizes=\"auto, (max-width: 768px) 100vw, 768px\" \/><\/figure>\n\n\n\n<p>Santa Cruz es una de las provincias en las que La Libertad Avanza no lleg\u00f3 a un acuerdo con ning\u00fan partido local y, por lo tanto, no puede presentar candidatos a gobernador ni para cargos legislativos. Sin embargo, el apellido de <strong>Javier Milei <\/strong>estar\u00e1 en una de las boletas que competir\u00e1n en las elecciones.<\/p>\n\n\n\n<p>Sucede que la agrupaci\u00f3n Unidos por Santa Cruz, que integra el frente Por Santa Cruz, decidi\u00f3 inscribir uno de sus sublemas con el nombre de <strong>Movimiento Integrador Liberal e Independiente<\/strong>, que en la lista aparece abreviado con la sigla \u201cMILEI\u201d.Este espacio lleva como aspirante a la gobernaci\u00f3n a <strong>Rub\u00e9n Adri\u00e1n Ferrara<\/strong>, acompa\u00f1ado en la f\u00f3rmula por <strong>Miguel Eduardo Ernesto Podest\u00e1<\/strong>, quienes se reconocen partidarios del diputado nacional e incluso militan para que llegue a la Presidencia, pero no recibieron su respaldo para presentarse a los comicios.De hecho, el propio Milei cuestion\u00f3 duramente la presunta jugada electoral a trav\u00e9s de un mensaje que public\u00f3 en su cuenta de Twitter: \u201c<strong>Seguro que si esos tramposos hacen una mala elecci\u00f3n, el operador de Adriancito (no es el \u00fanico, pero es el m\u00e1s grosero) hablar\u00e1 de mala elecci\u00f3n y de que mi nombre estaba en la boleta<\/strong>\u201d, critic\u00f3.<\/p>\n\n\n\n<figure class=\"wp-block-image size-full\"><img loading=\"lazy\" decoding=\"async\" width=\"768\" height=\"768\" src=\"https:\/\/lametro989.com\/wp-content\/uploads\/2023\/07\/imagen-235.png\" alt=\"\" class=\"wp-image-1405\" srcset=\"https:\/\/lametro989.com\/wp-content\/uploads\/2023\/07\/imagen-235.png 768w, https:\/\/lametro989.com\/wp-content\/uploads\/2023\/07\/imagen-235-300x300.png 300w, https:\/\/lametro989.com\/wp-content\/uploads\/2023\/07\/imagen-235-150x150.png 150w\" sizes=\"auto, (max-width: 768px) 100vw, 768px\" \/><\/figure>\n","protected":false},"excerpt":{"rendered":"<p>El propio Javier Milei cuestion\u00f3 la presunta estrategia pol\u00edtica y lament\u00f3 que, si ese espacio provincial pierde, se \u201chablar\u00e1 de mala elecci\u00f3n\u201d y de que&hellip; <\/p>\n","protected":false},"author":2,"featured_media":1405,"comment_status":"open","ping_status":"open","sticky":false,"template":"","format":"standard","meta":{"footnotes":""},"categories":[9,5],"tags":[],"class_list":["post-1403","post","type-post","status-publish","format-standard","has-post-thumbnail","hentry","category-destacadas","category-politica"],"_links":{"self":[{"href":"https:\/\/lametro989.com\/index.php?rest_route=\/wp\/v2\/posts\/1403","targetHints":{"allow":["GET"]}}],"collection":[{"href":"https:\/\/lametro989.com\/index.php?rest_route=\/wp\/v2\/posts"}],"about":[{"href":"https:\/\/lametro989.com\/index.php?rest_route=\/wp\/v2\/types\/post"}],"author":[{"embeddable":true,"href":"https:\/\/lametro989.com\/index.php?rest_route=\/wp\/v2\/users\/2"}],"replies":[{"embeddable":true,"href":"https:\/\/lametro989.com\/index.php?rest_route=%2Fwp%2Fv2%2Fcomments&post=1403"}],"version-history":[{"count":1,"href":"https:\/\/lametro989.com\/index.php?rest_route=\/wp\/v2\/posts\/1403\/revisions"}],"predecessor-version":[{"id":1406,"href":"https:\/\/lametro989.com\/index.php?rest_route=\/wp\/v2\/posts\/1403\/revisions\/1406"}],"wp:featuredmedia":[{"embeddable":true,"href":"https:\/\/lametro989.com\/index.php?rest_route=\/wp\/v2\/media\/1405"}],"wp:attachment":[{"href":"https:\/\/lametro989.com\/index.php?rest_route=%2Fwp%2Fv2%2Fmedia&parent=1403"}],"wp:term":[{"taxonomy":"category","embeddable":true,"href":"https:\/\/lametro989.com\/index.php?rest_route=%2Fwp%2Fv2%2Fcategories&post=1403"},{"taxonomy":"post_tag","embeddable":true,"href":"https:\/\/lametro989.com\/index.php?rest_route=%2Fwp%2Fv2%2Ftags&post=1403"}],"curies":[{"name":"wp","href":"https:\/\/api.w.org\/{rel}","templated":true}]}}