{"id":1408,"date":"2023-07-19T21:55:34","date_gmt":"2023-07-20T00:55:34","guid":{"rendered":"https:\/\/lametro989.com\/?p=1408"},"modified":"2023-07-19T21:55:34","modified_gmt":"2023-07-20T00:55:34","slug":"inter-miami-elevo-la-oferta-que-le-hizo-a-racing-por-tomas-aviles","status":"publish","type":"post","link":"https:\/\/lametro989.com\/?p=1408","title":{"rendered":"Inter Miami elev\u00f3 la oferta que le hizo a Racing por Tom\u00e1s Avil\u00e9s"},"content":{"rendered":"\n<p><strong>Inter Miami<\/strong> quiere rodear a<strong> Lionel Messi<\/strong> con jugadores de clase, experiencia y que puedan explotar su potencial para una futura venta. Un equipo competitivo que combine calidad, oficio y juventud. Ya llegaron Sergio Busquets, Jordi Alba y avanzan por Luis Su\u00e1rez. Ahora el foco est\u00e1 puesto en las promesas. En ese sentido, insisten por Tom\u00e1s Avil\u00e9s, una de las joyas de<strong> Racing Club.<\/strong><\/p>\n\n\n\n<figure class=\"wp-block-image size-large\"><img loading=\"lazy\" decoding=\"async\" width=\"1024\" height=\"569\" src=\"https:\/\/lametro989.com\/wp-content\/uploads\/2023\/07\/imagen-236-1024x569.png\" alt=\"\" class=\"wp-image-1409\" srcset=\"https:\/\/lametro989.com\/wp-content\/uploads\/2023\/07\/imagen-236-1024x569.png 1024w, https:\/\/lametro989.com\/wp-content\/uploads\/2023\/07\/imagen-236-300x167.png 300w, https:\/\/lametro989.com\/wp-content\/uploads\/2023\/07\/imagen-236-768x427.png 768w, https:\/\/lametro989.com\/wp-content\/uploads\/2023\/07\/imagen-236.png 1140w\" sizes=\"auto, (max-width: 1024px) 100vw, 1024px\" \/><\/figure>\n\n\n\n<p>Es por eso que en las \u00faltimas horas el club de la MLS elev\u00f3 la oferta inicial que le hab\u00eda hecho a la Academia, cuyo primer ofrecimiento fue de seis millones de d\u00f3lares. La nueva cifra que propuso la nueva casa de Messi alcanza los 10 millones de la moneda estadounidense, a cambio del 70% del pase del jugador.<\/p>\n\n\n\n<p>La franquicia norteamericana busca incorporar talentos j\u00f3venes, como lo har\u00e1 tambi\u00e9n con Facundo Far\u00edas (Col\u00f3n), con poder de reventa y adem\u00e1s cuenta con una sociedad con Atl\u00e9tico de Madrid.<\/p>\n\n\n\n<figure class=\"wp-block-image\"><img decoding=\"async\" src=\"https:\/\/media.diariopopular.com.ar\/p\/823269be4fcbe37288a34edf66d8ae10\/adjuntos\/143\/imagenes\/008\/098\/0008098568\/1140x0\/smart\/f1ajekswyaauejxjpg.jpg\" alt=\"\" title=\"\"\/><\/figure>\n\n\n\n<p><em>Inter Miami insiste por Tom\u00e1s Avil\u00e9s, defensor de 19 a\u00f1os.<\/em><\/p>\n\n\n\n<p>Avil\u00e9s debut\u00f3 en Racing el 27 de febrero de este a\u00f1o, en lo que fue victoria por 2-1 ante Lan\u00fas en la Liga Profesional, y en total acumul\u00f3 18 encuentros. Adem\u00e1s fue integrante del seleccionado Sub-20 de la Argentina en el Mundial de la categor\u00eda que se organiz\u00f3 en el pa\u00eds y que gan\u00f3 Uruguay.<\/p>\n\n\n\n<p>La nueva cifra supera la inicial de 6 millones de d\u00f3lares y ahora todo cambi\u00f3 despu\u00e9s de la firmeza mostrada por el presidente de Racing, V\u00edctor Blanco, quien no quiere debilitarle el equipo al DT Fernando Gago antes de los cruces de los octavos de final de la Copa Libertadores ante Nacional de Medell\u00edn, de Colombia.<\/p>\n","protected":false},"excerpt":{"rendered":"<p>Inter Miami quiere rodear a Lionel Messi con jugadores de clase, experiencia y que puedan explotar su potencial para una futura venta. Un equipo competitivo&hellip; <\/p>\n","protected":false},"author":2,"featured_media":1409,"comment_status":"open","ping_status":"open","sticky":false,"template":"","format":"standard","meta":{"footnotes":""},"categories":[10],"tags":[],"class_list":["post-1408","post","type-post","status-publish","format-standard","has-post-thumbnail","hentry","category-deportes"],"_links":{"self":[{"href":"https:\/\/lametro989.com\/index.php?rest_route=\/wp\/v2\/posts\/1408","targetHints":{"allow":["GET"]}}],"collection":[{"href":"https:\/\/lametro989.com\/index.php?rest_route=\/wp\/v2\/posts"}],"about":[{"href":"https:\/\/lametro989.com\/index.php?rest_route=\/wp\/v2\/types\/post"}],"author":[{"embeddable":true,"href":"https:\/\/lametro989.com\/index.php?rest_route=\/wp\/v2\/users\/2"}],"replies":[{"embeddable":true,"href":"https:\/\/lametro989.com\/index.php?rest_route=%2Fwp%2Fv2%2Fcomments&post=1408"}],"version-history":[{"count":1,"href":"https:\/\/lametro989.com\/index.php?rest_route=\/wp\/v2\/posts\/1408\/revisions"}],"predecessor-version":[{"id":1410,"href":"https:\/\/lametro989.com\/index.php?rest_route=\/wp\/v2\/posts\/1408\/revisions\/1410"}],"wp:featuredmedia":[{"embeddable":true,"href":"https:\/\/lametro989.com\/index.php?rest_route=\/wp\/v2\/media\/1409"}],"wp:attachment":[{"href":"https:\/\/lametro989.com\/index.php?rest_route=%2Fwp%2Fv2%2Fmedia&parent=1408"}],"wp:term":[{"taxonomy":"category","embeddable":true,"href":"https:\/\/lametro989.com\/index.php?rest_route=%2Fwp%2Fv2%2Fcategories&post=1408"},{"taxonomy":"post_tag","embeddable":true,"href":"https:\/\/lametro989.com\/index.php?rest_route=%2Fwp%2Fv2%2Ftags&post=1408"}],"curies":[{"name":"wp","href":"https:\/\/api.w.org\/{rel}","templated":true}]}}