{"id":1425,"date":"2023-07-20T20:32:14","date_gmt":"2023-07-20T23:32:14","guid":{"rendered":"https:\/\/lametro989.com\/?p=1425"},"modified":"2023-07-20T20:32:14","modified_gmt":"2023-07-20T23:32:14","slug":"detuvieron-a-una-mujer-por-el-robo-de-la-beba-del-hospital-de-tartagal","status":"publish","type":"post","link":"https:\/\/lametro989.com\/?p=1425","title":{"rendered":"Detuvieron a una mujer por el robo de la beba del hospital de Tartagal"},"content":{"rendered":"\n<p>Se trata de una mujer de 25 a\u00f1os sobre la que pesan sospechas suficientes de su participaci\u00f3n en los hechos. La beba se encuentra en buen estado de salud general, mientras se recupera del cuadro de hipotermia que sufri\u00f3 en la noche del viernes<\/p>\n\n\n\n<figure class=\"wp-block-image size-full\"><img loading=\"lazy\" decoding=\"async\" width=\"1004\" height=\"565\" src=\"https:\/\/lametro989.com\/wp-content\/uploads\/2023\/07\/imagen-241.png\" alt=\"\" class=\"wp-image-1426\" srcset=\"https:\/\/lametro989.com\/wp-content\/uploads\/2023\/07\/imagen-241.png 1004w, https:\/\/lametro989.com\/wp-content\/uploads\/2023\/07\/imagen-241-300x169.png 300w, https:\/\/lametro989.com\/wp-content\/uploads\/2023\/07\/imagen-241-768x432.png 768w\" sizes=\"auto, (max-width: 1004px) 100vw, 1004px\" \/><\/figure>\n\n\n\n<p><strong>Una mujer sospechosa de haber participado de la sustracci\u00f3n de la beba del hospital de Tartagal<\/strong>, el viernes pasado, <strong>fue detenida este jueves<\/strong> en el marco de la investigaci\u00f3n iniciada tras el hallazgo de la peque\u00f1a, en un bald\u00edo de esa ciudad del norte salte\u00f1o, para ubicar a los responsables del hecho.<\/p>\n\n\n\n<p>Fuentes del Ministerio P\u00fablico de Salta informaron este jueves que, en el marco de un intenso trabajo de la Brigada de Investigaciones de la Polic\u00eda de la Provincia, <strong>lograron identificar a una mujer de 25 a\u00f1os sobre la que pesan sospechas suficientes de su participaci\u00f3n en los hechos.<\/strong><\/p>\n\n\n\n<p>Por ello, la fiscal\u00eda interviniente solicit\u00f3 al juez de Garant\u00edas 1 de Tartagal en feria, H\u00e9ctor Fernando Mariscal, la detenci\u00f3n de la mujer, medida que se cumpli\u00f3 de inmediato durante el transcurso de la ma\u00f1ana de este jueves, indicaron los voceros.<\/p>\n\n\n\n<p>Luego, la Unidad Fiscal designada especialmente para este caso por el procurador general de la provincia, Pedro Garc\u00eda Castiella, conformada por los fiscales penales Rafael Jos\u00e9 Medina, Pablo Cabot y Lorena Mart\u00ednez, imput\u00f3 a la detenida por la supuesta comisi\u00f3n del delito de sustracci\u00f3n de menores previsto en el art\u00edculo 146 del C\u00f3digo Penal.<\/p>\n\n\n\n<p>A la mujer, que fue asistida por un defensor oficial, se le hizo conocer la participaci\u00f3n que se le atribuye en el hecho, tras lo que <strong>manifest\u00f3 su voluntad de no prestar declaraci\u00f3n ni responder preguntas.<\/strong><\/p>\n\n\n\n<p>Esto ocurri\u00f3 en el marco de las investigaciones iniciadas tras el hallazgo de la peque\u00f1a, en la madrugada del s\u00e1bado pasado, en un bald\u00edo de la calle Los Quebrachos, del barrio Roberto Romero, de la ciudad de Tartagal, a 365 kil\u00f3metros al norte de la capital salte\u00f1a, para dar con los responsables de la sustracci\u00f3n.<\/p>\n\n\n\n<h3 class=\"wp-block-heading\">El hecho<\/h3>\n\n\n\n<p><strong>La beba naci\u00f3 el jueves 13 de julio, por la tarde, y al d\u00eda siguiente, alrededor de las 7 de la ma\u00f1ana, fue sustra\u00edda desde la sala de maternidad del hospital Juan Domingo Per\u00f3n,<\/strong> cuando sus padres la dejaron en la cuna y fueron al ba\u00f1o.<\/p>\n\n\n\n<p>Al regresar, apenas cinco minutos despu\u00e9s, los padres no encontraron a la beba en la habitaci\u00f3n, por lo que <strong>alertaron a las autoridades del hospital y \u00e9stas, a su vez, al sistema de emergencias 911.<\/strong><\/p>\n\n\n\n<p><strong>De esta manera, personal de la Polic\u00eda de la provincia tom\u00f3 intervenci\u00f3n<\/strong>, mientras que desde Asuntos Legales del establecimiento se present\u00f3 la denuncia formal por la desaparici\u00f3n de la reci\u00e9n nacida a la fiscal\u00eda de turno.<\/p>\n\n\n\n<p>Seg\u00fan las fuentes, la polic\u00eda tom\u00f3 conocimiento a las 7.16, y desde ese mismo momento despleg\u00f3 un amplio operativo de b\u00fasqueda en el hospital as\u00ed como en diferentes medios de transporte y rutas, <strong>con personal de la polic\u00eda local, de Gendarmer\u00eda Nacional y la Polic\u00eda Federal.<\/strong><\/p>\n\n\n\n<p>Incluso, el Ministerio de Seguridad de la Naci\u00f3n, en coordinaci\u00f3n con el Sistema Federal de B\u00fasquedas de Personas Desaparecidas y Extraviadas (Sifebu), <strong>emiti\u00f3 el Alerta Sof\u00eda para alertar sobre la desaparici\u00f3n de la menor.<\/strong><\/p>\n\n\n\n<p>Alrededor de la 1 de la madrugada del s\u00e1bado, <strong>un vecino hall\u00f3 a la peque\u00f1a abandonada en un bald\u00edo, a la intemperie, por lo que fue trasladada al hospital donde la reconocieron sus padres y recibi\u00f3 asistencia m\u00e9dica<\/strong> por un cuadro de hipotermia que presentaba.<\/p>\n\n\n\n<p>Desde el Ministerio P\u00fablico detallaron que las actuaciones dan cuenta que el 14 de julio, entre las 5.30 y las 7 de la ma\u00f1ana, aproximadamente, la imputada se encontraba en el hospital Juan Domingo Per\u00f3n, de Tartagal, e ingres\u00f3 a una habitaci\u00f3n de la sala de maternidad, donde se encontraba la mujer que hab\u00eda dado a luz a la ni\u00f1a el d\u00eda anterior y su pareja.<\/p>\n\n\n\n<p>Una vez en el interior de la habitaci\u00f3n, la mujer ahora detenida, habr\u00eda sustra\u00eddo a la beb\u00e9 aprovechando que los padres de la menor estaban en el ba\u00f1o, y la sac\u00f3 del centro de atenci\u00f3n sanitaria.<\/p>\n\n\n\n<p>Este jueves, tras la imputaci\u00f3n, los miembros de la Unidad Fiscal que investiga el caso <strong>solicitaron al juez que se mantenga la detenci\u00f3n de la imputada y dispuso la reserva total de las actuaciones.<\/strong><\/p>\n\n\n\n<p>En tanto, fuentes del Ministerio de Salud P\u00fablica informaron que la beba, que <strong>se encuentra en muy buen estado de salud general<\/strong>, se recupera satisfactoriamente del cuadro de hipotermia que sufri\u00f3 en la noche del viernes.<\/p>\n\n\n\n<p>Adem\u00e1s, la ni\u00f1a, que naci\u00f3 por parto natural, ya recibi\u00f3 las vacunas establecidas en el calendario nacional para los reci\u00e9n nacidos, por lo que ser\u00e1 dada de alta durante el fin de semana pr\u00f3ximo.<\/p>\n\n\n\n<p><strong>La madre y el padre de la peque\u00f1a quedaron alojados en el hospital hasta que la ni\u00f1a sea dada de alta<\/strong>, indicaron los voceros, mientras que se supo que la familia recibe asistencia de un equipo multidisciplinario dispuesto por la gerencia del establecimiento.<\/p>\n\n\n\n<p>Por otra parte, el secretario de Asuntos Ind\u00edgenas de Salta, Luis G\u00f3mez Almar\u00e1s, encabez\u00f3 una comitiva de agentes estatales que reforz\u00f3 la contenci\u00f3n y el acompa\u00f1amiento a la familia de la reci\u00e9n nacida.<\/p>\n\n\n\n<p><strong><em>Fuente: T\u00e9lam<\/em><\/strong><\/p>\n","protected":false},"excerpt":{"rendered":"<p>Se trata de una mujer de 25 a\u00f1os sobre la que pesan sospechas suficientes de su participaci\u00f3n en los hechos. La beba se encuentra en&hellip; <\/p>\n","protected":false},"author":2,"featured_media":1426,"comment_status":"open","ping_status":"open","sticky":false,"template":"","format":"standard","meta":{"footnotes":""},"categories":[9,13],"tags":[],"class_list":["post-1425","post","type-post","status-publish","format-standard","has-post-thumbnail","hentry","category-destacadas","category-nacionales"],"_links":{"self":[{"href":"https:\/\/lametro989.com\/index.php?rest_route=\/wp\/v2\/posts\/1425","targetHints":{"allow":["GET"]}}],"collection":[{"href":"https:\/\/lametro989.com\/index.php?rest_route=\/wp\/v2\/posts"}],"about":[{"href":"https:\/\/lametro989.com\/index.php?rest_route=\/wp\/v2\/types\/post"}],"author":[{"embeddable":true,"href":"https:\/\/lametro989.com\/index.php?rest_route=\/wp\/v2\/users\/2"}],"replies":[{"embeddable":true,"href":"https:\/\/lametro989.com\/index.php?rest_route=%2Fwp%2Fv2%2Fcomments&post=1425"}],"version-history":[{"count":1,"href":"https:\/\/lametro989.com\/index.php?rest_route=\/wp\/v2\/posts\/1425\/revisions"}],"predecessor-version":[{"id":1427,"href":"https:\/\/lametro989.com\/index.php?rest_route=\/wp\/v2\/posts\/1425\/revisions\/1427"}],"wp:featuredmedia":[{"embeddable":true,"href":"https:\/\/lametro989.com\/index.php?rest_route=\/wp\/v2\/media\/1426"}],"wp:attachment":[{"href":"https:\/\/lametro989.com\/index.php?rest_route=%2Fwp%2Fv2%2Fmedia&parent=1425"}],"wp:term":[{"taxonomy":"category","embeddable":true,"href":"https:\/\/lametro989.com\/index.php?rest_route=%2Fwp%2Fv2%2Fcategories&post=1425"},{"taxonomy":"post_tag","embeddable":true,"href":"https:\/\/lametro989.com\/index.php?rest_route=%2Fwp%2Fv2%2Ftags&post=1425"}],"curies":[{"name":"wp","href":"https:\/\/api.w.org\/{rel}","templated":true}]}}