{"id":1432,"date":"2023-07-20T20:36:31","date_gmt":"2023-07-20T23:36:31","guid":{"rendered":"https:\/\/lametro989.com\/?p=1432"},"modified":"2023-07-20T20:36:31","modified_gmt":"2023-07-20T23:36:31","slug":"atencion-oftalmologica-gratuita-para-las-infancias-en-resistencia-dias-y-lugares-disponibles","status":"publish","type":"post","link":"https:\/\/lametro989.com\/?p=1432","title":{"rendered":"Atenci\u00f3n oftalmol\u00f3gica gratuita para las infancias en Resistencia: d\u00edas y lugares disponibles"},"content":{"rendered":"\n<p>El gobierno provincial inform\u00f3 que los operativos territoriales se llevar\u00e1n del lunes 24 de julio hasta el 9 de agosto en m\u00faltiples barrios de Resistencia. Se trata del programa nacional Mirarnos, que realiza controles de agudeza visual y entrega anteojos de manera completamente gratuita y en el acto.<\/p>\n\n\n\n<figure class=\"wp-block-image size-large\"><img loading=\"lazy\" decoding=\"async\" width=\"1024\" height=\"682\" src=\"https:\/\/lametro989.com\/wp-content\/uploads\/2023\/07\/imagen-243-1024x682.png\" alt=\"\" class=\"wp-image-1433\" srcset=\"https:\/\/lametro989.com\/wp-content\/uploads\/2023\/07\/imagen-243-1024x682.png 1024w, https:\/\/lametro989.com\/wp-content\/uploads\/2023\/07\/imagen-243-300x200.png 300w, https:\/\/lametro989.com\/wp-content\/uploads\/2023\/07\/imagen-243-768x512.png 768w, https:\/\/lametro989.com\/wp-content\/uploads\/2023\/07\/imagen-243.png 1280w\" sizes=\"auto, (max-width: 1024px) 100vw, 1024px\" \/><\/figure>\n\n\n\n<p>El gobierno provincial, a trav\u00e9s del Ministerio de Desarrollo Social y en forma conjunta con la Secretar\u00eda de Abordaje Integral de la Naci\u00f3n realizar\u00e1n desde la pr\u00f3xima semana, en Resistencia, una serie de <strong>operativos del programa de atenci\u00f3n oftalmol\u00f3gica Mirarnos<\/strong>, que tiene como objetivo, realizar controles de agudeza visual y entregar anteojos de manera completamente gratuita y en el acto.<\/p>\n\n\n\n<p>Las tareas se realizan en camiones equipados con consultorios en los que atienden los profesionales que hacen el diagn\u00f3stico y luego se cuenta con el equipamiento para elaborar los anteojos en la misma jornada.<\/p>\n\n\n\n<p>Se trata de una propuesta que recorre todo el pa\u00eds y que en Chaco tuvo un antecedente el a\u00f1o pasado cuando las acciones se centraron en escuelas rurales y puntos alejados de los centros urbanos.<\/p>\n\n\n\n<p>\u201cEn algunos casos se trata del primer control visual y para cualquier cuesti\u00f3n una detecci\u00f3n temprana es clave para mejorar las condiciones de salud\u201d, indic\u00f3 la ministra de Desarrollo Social, Mar\u00eda P\u00eda Chiacchio Cavana.<\/p>\n\n\n\n<p>Mirarnos comenz\u00f3 en abril en Santiago del Estero, para luego llevar esta pol\u00edtica p\u00fablica a Catamarca, La Rioja, Tucum\u00e1n y Salta.<\/p>\n\n\n\n<h3 class=\"wp-block-heading\">Cronograma del programa &#8220;Mirarnos&#8221; en Resistencia<\/h3>\n\n\n\n<figure class=\"wp-block-image\"><img decoding=\"async\" src=\"https:\/\/agenciafoco.com.ar\/media\/cache\/quality\/uploads\/noticias\/64b9ba0543e38645567513.jpg\" alt=\"\"\/><\/figure>\n\n\n\n<p>Este <strong>lunes 24<\/strong> de julio los camiones estar\u00e1n en la plazoleta del barrio Los Teros, en Francia 587, en Resistencia, los operativos siempre se desarrollar\u00e1n desde las 10 hasta las 17.<\/p>\n\n\n\n<p>El <strong>martes 25 <\/strong>continuar\u00e1 en la plazoleta del barrio 150 Viviendas Municipal de la capital chaque\u00f1a. El 26, ser\u00e1 el turno del club Central Norte, en avenida Las Heras 870.<\/p>\n\n\n\n<p>Los operativos seguir\u00e1n el <strong>jueves 27<\/strong>, en el club \u201cCanallas del Sur\u201d, ubicado en \u00c9dison y calle 29. El 28 tendr\u00e1 lugar en la Escuela N\u00b0 319 Juan Manuel Rossi, en Arist\u00f3bulo del Valle 195. El 29 de julio, las tareas se trasladan al club UPCP en Fort\u00edn Tapenag\u00e1 en 2201.<\/p>\n\n\n\n<p>El <strong>lunes 31<\/strong>, siempre en Resistencia, los controles ser\u00e1n en el club Regional, en Fort\u00edn Aguilar 1.001. El martes 1 de agosto el operativo se traslada a la plazoleta de Caracas y Alberdi, el 2 al centro de salud del barrio 17 de Julio, en el centro de salud de Villa Barber\u00e1n, en Isla del Cerrito al 2.600; y el viernes 4 en el Club Atl\u00e9tico Sarmiento, en Juan Per\u00f3n 1.515. Ese fin de semana las acciones se desarrollar\u00e1n el s\u00e1bado 5 en el predio de Radio Nacional, Sarmiento 1.202.<\/p>\n\n\n\n<p>El <strong>lunes 7<\/strong>, los camiones estar\u00e1n en el parque lineal de Villa R\u00edo Negro, el martes 8 en el polideportivo Gran Toba y el 9 en la Escuela 1056, en el barrio Don Santiago.<\/p>\n","protected":false},"excerpt":{"rendered":"<p>El gobierno provincial inform\u00f3 que los operativos territoriales se llevar\u00e1n del lunes 24 de julio hasta el 9 de agosto en m\u00faltiples barrios de Resistencia.&hellip; <\/p>\n","protected":false},"author":2,"featured_media":1433,"comment_status":"open","ping_status":"open","sticky":false,"template":"","format":"standard","meta":{"footnotes":""},"categories":[5],"tags":[],"class_list":["post-1432","post","type-post","status-publish","format-standard","has-post-thumbnail","hentry","category-politica"],"_links":{"self":[{"href":"https:\/\/lametro989.com\/index.php?rest_route=\/wp\/v2\/posts\/1432","targetHints":{"allow":["GET"]}}],"collection":[{"href":"https:\/\/lametro989.com\/index.php?rest_route=\/wp\/v2\/posts"}],"about":[{"href":"https:\/\/lametro989.com\/index.php?rest_route=\/wp\/v2\/types\/post"}],"author":[{"embeddable":true,"href":"https:\/\/lametro989.com\/index.php?rest_route=\/wp\/v2\/users\/2"}],"replies":[{"embeddable":true,"href":"https:\/\/lametro989.com\/index.php?rest_route=%2Fwp%2Fv2%2Fcomments&post=1432"}],"version-history":[{"count":1,"href":"https:\/\/lametro989.com\/index.php?rest_route=\/wp\/v2\/posts\/1432\/revisions"}],"predecessor-version":[{"id":1434,"href":"https:\/\/lametro989.com\/index.php?rest_route=\/wp\/v2\/posts\/1432\/revisions\/1434"}],"wp:featuredmedia":[{"embeddable":true,"href":"https:\/\/lametro989.com\/index.php?rest_route=\/wp\/v2\/media\/1433"}],"wp:attachment":[{"href":"https:\/\/lametro989.com\/index.php?rest_route=%2Fwp%2Fv2%2Fmedia&parent=1432"}],"wp:term":[{"taxonomy":"category","embeddable":true,"href":"https:\/\/lametro989.com\/index.php?rest_route=%2Fwp%2Fv2%2Fcategories&post=1432"},{"taxonomy":"post_tag","embeddable":true,"href":"https:\/\/lametro989.com\/index.php?rest_route=%2Fwp%2Fv2%2Ftags&post=1432"}],"curies":[{"name":"wp","href":"https:\/\/api.w.org\/{rel}","templated":true}]}}