{"id":1695,"date":"2023-07-27T19:33:02","date_gmt":"2023-07-27T22:33:02","guid":{"rendered":"https:\/\/lametro989.com\/?p=1695"},"modified":"2023-07-27T19:33:02","modified_gmt":"2023-07-27T22:33:02","slug":"fin-del-sueno-la-noticia-de-luis-suarez-que-no-le-gusto-a-inter-miami-ni-a-lionel-messi","status":"publish","type":"post","link":"https:\/\/lametro989.com\/?p=1695","title":{"rendered":"Fin del sue\u00f1o: la noticia de Luis Su\u00e1rez que no le gust\u00f3 a Inter Miami ni a Lionel Messi"},"content":{"rendered":"\n<p>El delantero uruguayo continuar\u00e1 su carrera en Gremio, as\u00ed lo inform\u00f3 el entrenador del equipo, Renato Portaluppi: \u00bfLlega en diciembre a la MLS?<\/p>\n\n\n\n<figure class=\"wp-block-image size-full\"><img loading=\"lazy\" decoding=\"async\" width=\"610\" height=\"407\" src=\"https:\/\/lametro989.com\/wp-content\/uploads\/2023\/07\/imagen-308.png\" alt=\"\" class=\"wp-image-1696\" srcset=\"https:\/\/lametro989.com\/wp-content\/uploads\/2023\/07\/imagen-308.png 610w, https:\/\/lametro989.com\/wp-content\/uploads\/2023\/07\/imagen-308-300x200.png 300w\" sizes=\"auto, (max-width: 610px) 100vw, 610px\" \/><\/figure>\n\n\n\n<p>El sue\u00f1o del <strong>Inter Miami <\/strong>de contar con<strong> Luis Su\u00e1rez <\/strong>y volver a juntarlo con el astro argentino <strong>Lionel Messi<\/strong> lleg\u00f3 a su fin, ya que el delantero se quedar\u00e1 en <strong>Gremio <\/strong>al menos hasta diciembre, seg\u00fan anunci\u00f3 el entrenador del equipo de Porto Alegre <strong>Renato Portaluppi<\/strong>.<\/p>\n\n\n\n<p><strong>&#8220;Jugador muy importante, marca la diferencia. Estoy hablando de esa telenovela mexicana, pero se acab\u00f3. Da tranquilidad tanto a \u00e9l como al club. Se queda hasta diciembre, nos da esa tranquilidad&#8221;<\/strong>, afirm\u00f3 el director t\u00e9cnico en declaraciones televisivas.<\/p>\n\n\n\n<p><strong>Inter Miami<\/strong> se ilusionaba con reforzarse con el atacante de <strong>Uruguay<\/strong>, amigo y gran socio de <strong>Lionel Messi <\/strong>en su etapa en <strong>Barcelona<\/strong>, pero esto finalmente no suceder\u00e1, al menos en el corto plazo.<\/p>\n\n\n\n<p>Era tal la ilusi\u00f3n del equipo de <strong>David Beckham <\/strong>que incluso adquirieron un cupo de extranjero, que se lo compraron a <strong>San Jos\u00e9 Earthquakes <\/strong>en <strong>150 mil d\u00f3lares<\/strong>: sin embargo, <strong>Gremio <\/strong>se puso inflexible para retener como fuere a Su\u00e1rez, quien tiene contrato hasta diciembre de 2024.<\/p>\n\n\n\n<p>Por otra parte, el delantero, que logr\u00f3 la <strong>Copa Am\u00e9rica 2011<\/strong> con la Selecci\u00f3n charr\u00faa, volvi\u00f3 a ser titular en la derrota de su equipo ante <strong>Inter de Porto Alegre<\/strong> en la Ida de las semifinales de la <strong>Copa de Brasil<\/strong>. El uruguayo hab\u00eda descansado en el encuentro contra <strong>Atl\u00e9tico Mineiro<\/strong> por sus problemas en la rodilla derecha.<\/p>\n","protected":false},"excerpt":{"rendered":"<p>El delantero uruguayo continuar\u00e1 su carrera en Gremio, as\u00ed lo inform\u00f3 el entrenador del equipo, Renato Portaluppi: \u00bfLlega en diciembre a la MLS? El sue\u00f1o&hellip; <\/p>\n","protected":false},"author":2,"featured_media":1696,"comment_status":"open","ping_status":"open","sticky":false,"template":"","format":"standard","meta":{"footnotes":""},"categories":[10],"tags":[],"class_list":["post-1695","post","type-post","status-publish","format-standard","has-post-thumbnail","hentry","category-deportes"],"_links":{"self":[{"href":"https:\/\/lametro989.com\/index.php?rest_route=\/wp\/v2\/posts\/1695","targetHints":{"allow":["GET"]}}],"collection":[{"href":"https:\/\/lametro989.com\/index.php?rest_route=\/wp\/v2\/posts"}],"about":[{"href":"https:\/\/lametro989.com\/index.php?rest_route=\/wp\/v2\/types\/post"}],"author":[{"embeddable":true,"href":"https:\/\/lametro989.com\/index.php?rest_route=\/wp\/v2\/users\/2"}],"replies":[{"embeddable":true,"href":"https:\/\/lametro989.com\/index.php?rest_route=%2Fwp%2Fv2%2Fcomments&post=1695"}],"version-history":[{"count":1,"href":"https:\/\/lametro989.com\/index.php?rest_route=\/wp\/v2\/posts\/1695\/revisions"}],"predecessor-version":[{"id":1697,"href":"https:\/\/lametro989.com\/index.php?rest_route=\/wp\/v2\/posts\/1695\/revisions\/1697"}],"wp:featuredmedia":[{"embeddable":true,"href":"https:\/\/lametro989.com\/index.php?rest_route=\/wp\/v2\/media\/1696"}],"wp:attachment":[{"href":"https:\/\/lametro989.com\/index.php?rest_route=%2Fwp%2Fv2%2Fmedia&parent=1695"}],"wp:term":[{"taxonomy":"category","embeddable":true,"href":"https:\/\/lametro989.com\/index.php?rest_route=%2Fwp%2Fv2%2Fcategories&post=1695"},{"taxonomy":"post_tag","embeddable":true,"href":"https:\/\/lametro989.com\/index.php?rest_route=%2Fwp%2Fv2%2Ftags&post=1695"}],"curies":[{"name":"wp","href":"https:\/\/api.w.org\/{rel}","templated":true}]}}