{"id":1776,"date":"2023-07-29T23:32:54","date_gmt":"2023-07-30T02:32:54","guid":{"rendered":"https:\/\/lametro989.com\/?p=1776"},"modified":"2023-07-29T23:32:54","modified_gmt":"2023-07-30T02:32:54","slug":"luis-suarez-tras-el-interes-de-inter-miami-conmigo-no-hablaron","status":"publish","type":"post","link":"https:\/\/lametro989.com\/?p=1776","title":{"rendered":"Luis Su\u00e1rez tras el inter\u00e9s de Inter Miami: &#8220;Conmigo no hablaron&#8221;"},"content":{"rendered":"\n<p>El uruguayo Luis Su\u00e1rez se refiri\u00f3 al inter\u00e9s del equipo de Lionel Messi y aclar\u00f3 que si bien hubo contacto entre las dirigencias, Inter Miami no habl\u00f3 con \u00e9l.<\/p>\n\n\n\n<figure class=\"wp-block-image size-full\"><img loading=\"lazy\" decoding=\"async\" width=\"480\" height=\"298\" src=\"https:\/\/lametro989.com\/wp-content\/uploads\/2023\/07\/image-46.png\" alt=\"\" class=\"wp-image-1777\" srcset=\"https:\/\/lametro989.com\/wp-content\/uploads\/2023\/07\/image-46.png 480w, https:\/\/lametro989.com\/wp-content\/uploads\/2023\/07\/image-46-300x186.png 300w\" sizes=\"auto, (max-width: 480px) 100vw, 480px\" \/><\/figure>\n\n\n\n<p>La posibilidad de volver a ver a la dupla\u00a0<strong>Lionel Messi<\/strong>&#8211;<strong>Luis Su\u00e1rez<\/strong>\u00a0juntos, en el Inter Miami, est\u00e1 cada vez m\u00e1s complicada. Es que el delantero uruguayo rompi\u00f3 el silencio este s\u00e1bado luego de los rumores que lo vinculaban al conjunto de la MLS y aclar\u00f3 que nadie de Estados Unidos se comunic\u00f3 con \u00e9l, aunque s\u00ed con los directivos de\u00a0<strong>Gremio.<\/strong><\/p>\n\n\n\n<p>Adem\u00e1s, el&nbsp;<em>Pistolero<\/em>&nbsp;cont\u00f3 que lo m\u00e1s probable es que contin\u00fae en Brasil hasta fin de a\u00f1o y que m\u00e1s all\u00e1 de diciembre ver\u00e1 si contin\u00faa jugando por una lesi\u00f3n cr\u00f3nica en la rodilla. &#8220;Siento que el a\u00f1o que viene no voy a poder rendir por mi f\u00edsico&#8221;, confes\u00f3, y le abri\u00f3 la puerta al retiro.<\/p>\n\n\n\n<p>&#8220;Por la gran exigencia que tiene el mercado brasile\u00f1o hablamos con el club para terminar el contrato un a\u00f1o antes, es decir en el pr\u00f3ximo mes de diciembre. El club accedi\u00f3 y se lo agradezco&#8221;, revel\u00f3 el delantero.<\/p>\n\n\n\n<p>Y agreg\u00f3 en la conferencia de prensa que brind\u00f3 desde el club de Porto Alegre: &#8220;No se si seguir\u00e9 jugando en otro lado o no porque en la rodilla tengo un tema cr\u00f3nico que todos ustedes saben&#8221;.<\/p>\n\n\n\n<p>En tanto, confirm\u00f3 que hubo contactos entre las dirigencias de<strong>&nbsp;Inter Miami&nbsp;<\/strong>y Gremio, pero que \u00e9l no habl\u00f3 con nadie. &#8220;Tengo en claro que el Inter Miami habl\u00f3 con Gremio y el club le dijo que yo tengo contrato vigente, puedo decir que conmigo no hablaron&#8221;, remarc\u00f3.<\/p>\n\n\n\n<p>Por \u00faltimo, dej\u00f3 un mensaje para los fan\u00e1ticos de Gremio: &#8220;Al hincha le pido que s\u00f3lo valore que tiene un jugador que con casi 37 a\u00f1os y con mucho dolor de rodilla, juega siempre. S\u00f3lo eso les pido&#8221;.<\/p>\n\n\n\n<h2 class=\"wp-block-heading\"><\/h2>\n","protected":false},"excerpt":{"rendered":"<p>El uruguayo Luis Su\u00e1rez se refiri\u00f3 al inter\u00e9s del equipo de Lionel Messi y aclar\u00f3 que si bien hubo contacto entre las dirigencias, Inter Miami&hellip; <\/p>\n","protected":false},"author":2,"featured_media":1777,"comment_status":"open","ping_status":"open","sticky":false,"template":"","format":"standard","meta":{"footnotes":""},"categories":[10],"tags":[],"class_list":["post-1776","post","type-post","status-publish","format-standard","has-post-thumbnail","hentry","category-deportes"],"_links":{"self":[{"href":"https:\/\/lametro989.com\/index.php?rest_route=\/wp\/v2\/posts\/1776","targetHints":{"allow":["GET"]}}],"collection":[{"href":"https:\/\/lametro989.com\/index.php?rest_route=\/wp\/v2\/posts"}],"about":[{"href":"https:\/\/lametro989.com\/index.php?rest_route=\/wp\/v2\/types\/post"}],"author":[{"embeddable":true,"href":"https:\/\/lametro989.com\/index.php?rest_route=\/wp\/v2\/users\/2"}],"replies":[{"embeddable":true,"href":"https:\/\/lametro989.com\/index.php?rest_route=%2Fwp%2Fv2%2Fcomments&post=1776"}],"version-history":[{"count":1,"href":"https:\/\/lametro989.com\/index.php?rest_route=\/wp\/v2\/posts\/1776\/revisions"}],"predecessor-version":[{"id":1778,"href":"https:\/\/lametro989.com\/index.php?rest_route=\/wp\/v2\/posts\/1776\/revisions\/1778"}],"wp:featuredmedia":[{"embeddable":true,"href":"https:\/\/lametro989.com\/index.php?rest_route=\/wp\/v2\/media\/1777"}],"wp:attachment":[{"href":"https:\/\/lametro989.com\/index.php?rest_route=%2Fwp%2Fv2%2Fmedia&parent=1776"}],"wp:term":[{"taxonomy":"category","embeddable":true,"href":"https:\/\/lametro989.com\/index.php?rest_route=%2Fwp%2Fv2%2Fcategories&post=1776"},{"taxonomy":"post_tag","embeddable":true,"href":"https:\/\/lametro989.com\/index.php?rest_route=%2Fwp%2Fv2%2Ftags&post=1776"}],"curies":[{"name":"wp","href":"https:\/\/api.w.org\/{rel}","templated":true}]}}