{"id":1848,"date":"2023-07-31T23:47:43","date_gmt":"2023-08-01T02:47:43","guid":{"rendered":"https:\/\/lametro989.com\/?p=1848"},"modified":"2023-07-31T23:47:43","modified_gmt":"2023-08-01T02:47:43","slug":"gerard-pique-quiere-llevar-la-kings-league-al-mas-monumental","status":"publish","type":"post","link":"https:\/\/lametro989.com\/?p=1848","title":{"rendered":"Gerard Piqu\u00e9 quiere llevar la Kings League al M\u00e1s Monumental"},"content":{"rendered":"\n<p>El ex defensor Gerard Piqu\u00e9, organizador de esa liga con Ibai Llanos, revel\u00f3 que sue\u00f1a con mudar la final del torneo a estadios. Mencion\u00f3 el de River Plate y el Azteca.<\/p>\n\n\n\n<figure class=\"wp-block-image size-full\"><img loading=\"lazy\" decoding=\"async\" width=\"480\" height=\"270\" src=\"https:\/\/lametro989.com\/wp-content\/uploads\/2023\/07\/image-71.png\" alt=\"\" class=\"wp-image-1849\" srcset=\"https:\/\/lametro989.com\/wp-content\/uploads\/2023\/07\/image-71.png 480w, https:\/\/lametro989.com\/wp-content\/uploads\/2023\/07\/image-71-300x169.png 300w\" sizes=\"auto, (max-width: 480px) 100vw, 480px\" \/><\/figure>\n\n\n\n<p>La&nbsp;<strong>Kings League<\/strong>&nbsp;no tard\u00f3 nada en ser un \u00e9xito a nivel mundial, y en s\u00f3lo dos ediciones ya logr\u00f3 incre\u00edbles n\u00fameros de visualizaciones y participaciones estelares de ex futbolistas de elite. Por eso,<strong>&nbsp;Gerard Piqu\u00e9<\/strong>, creador y organizador del torneo junto con&nbsp;<strong>Ibai Llanos<\/strong>, quiere redoblar la apuesta, y en ese sentido, revel\u00f3 que&nbsp;<strong>sue\u00f1a con llevar la final al estadio M\u00e1s Monumental de River Plate<\/strong>.<\/p>\n\n\n\n<p>La liga de f\u00fatbol 7 disputada por equipos compuestos por streamers, youtubes y creadores de contenidos, y que tambi\u00e9n cuentan con presencias especiales de ex jugadores invitados<strong>\u00a0(Sergio Ag\u00fcero, Iker Casillas, Ronaldinho, entre otros)<\/strong>, est\u00e1 pr\u00f3xima a dar comienzo a su tercera edici\u00f3nY de cara al inicio,\u00a0<strong>Piqu\u00e9<\/strong>, ex defensor y multicampe\u00f3n con Barcelona y la Selecci\u00f3n de Espa\u00f1a, y que actualmente se desempe\u00f1a como organizador de la\u00a0<strong>Kings League<\/strong>\u00a0junto al popular streamer Ibai Llanos, con su empresa de transmisiones,\u00a0<strong>confes\u00f3 que quiere internacionalizar el torneo<\/strong>.<\/p>\n\n\n\n<p><strong>Sue\u00f1o a futuro, a lo mejor, llevar el torneo a otro lugar, puede ser que el Monumental de River o el Estadio Azteca (de M\u00e9xico)&#8230; Nos gustar\u00eda poder probar otros pa\u00edses&#8221;, revel\u00f3<\/strong>. Las primeras dos finales se jugaron en el Nou Camp y el Wanda Metropolitano, las canchas del Barcelona y Atl\u00e9tico de Madrid, respectivamente, y ambas estuvieron colmadas de p\u00fablico.<\/p>\n\n\n\n<figure class=\"wp-block-image\"><img decoding=\"async\" src=\"https:\/\/www.diariopopular.com.ar\/mrf4u\/statics\/i\/ps\/media.diariopopular.com.ar\/p\/78abe3a354c860e3964a711ec5ae82fb\/adjuntos\/143\/imagenes\/008\/089\/0008089492\/1140x0\/smart\/monumental3jpgjpg.jpg\" alt=\"El estadio M\u00e1s Monumental, de River Plate, el m\u00e1s grande de Sudam\u00e9rica.\" title=\"El estadio M\u00e1s Monumental, de River Plate, el m\u00e1s grande de Sudam\u00e9rica.\"\/><\/figure>\n\n\n\n<p>El estadio M\u00e1s Monumental, de River Plate, el m\u00e1s grande de Sudam\u00e9rica.<\/p>\n\n\n\n<p>Si bien\u00a0<strong>Piqu\u00e9<\/strong>\u00a0nunca afirm\u00f3 ser hincha de River, siempre reconoci\u00f3 que los colores le tiran. De hecho, en una entrevista\u00a0<strong>opin\u00f3 que el Millonario &#8220;es m\u00e1s como el Barcelona y Boca como el Real Madrid&#8221;, y que por ese motivo siente simpat\u00eda por el equipo de N\u00fa\u00f1ez<\/strong>. En 2018 visit\u00f3 el club junto a Shakira -en ese entonces eran pareja- y sus hijos, y fue recibido por el plantel que termin\u00f3 ganando la Copa Libertadores, justamente en la cancha del Real Madrid.Desde la asunci\u00f3n de\u00a0<strong>Jorge Brito<\/strong>, el estadio\u00a0<strong>M\u00e1s Monumental<\/strong>\u00a0ha recibido m\u00faltiples eventos, principalmente recitales. As\u00ed, no parece descabellado que m\u00e1s temprano que tarde,\u00a0<strong>Piqu\u00e9<\/strong>\u00a0pueda cumplir su anhelo y celebrar la final de la\u00a0<strong>Kings League<\/strong>\u00a0en el estadio m\u00e1s grande de Sudam\u00e9rica.<\/p>\n","protected":false},"excerpt":{"rendered":"<p>El ex defensor Gerard Piqu\u00e9, organizador de esa liga con Ibai Llanos, revel\u00f3 que sue\u00f1a con mudar la final del torneo a estadios. Mencion\u00f3 el&hellip; <\/p>\n","protected":false},"author":2,"featured_media":1849,"comment_status":"open","ping_status":"open","sticky":false,"template":"","format":"standard","meta":{"footnotes":""},"categories":[10],"tags":[],"class_list":["post-1848","post","type-post","status-publish","format-standard","has-post-thumbnail","hentry","category-deportes"],"_links":{"self":[{"href":"https:\/\/lametro989.com\/index.php?rest_route=\/wp\/v2\/posts\/1848","targetHints":{"allow":["GET"]}}],"collection":[{"href":"https:\/\/lametro989.com\/index.php?rest_route=\/wp\/v2\/posts"}],"about":[{"href":"https:\/\/lametro989.com\/index.php?rest_route=\/wp\/v2\/types\/post"}],"author":[{"embeddable":true,"href":"https:\/\/lametro989.com\/index.php?rest_route=\/wp\/v2\/users\/2"}],"replies":[{"embeddable":true,"href":"https:\/\/lametro989.com\/index.php?rest_route=%2Fwp%2Fv2%2Fcomments&post=1848"}],"version-history":[{"count":1,"href":"https:\/\/lametro989.com\/index.php?rest_route=\/wp\/v2\/posts\/1848\/revisions"}],"predecessor-version":[{"id":1850,"href":"https:\/\/lametro989.com\/index.php?rest_route=\/wp\/v2\/posts\/1848\/revisions\/1850"}],"wp:featuredmedia":[{"embeddable":true,"href":"https:\/\/lametro989.com\/index.php?rest_route=\/wp\/v2\/media\/1849"}],"wp:attachment":[{"href":"https:\/\/lametro989.com\/index.php?rest_route=%2Fwp%2Fv2%2Fmedia&parent=1848"}],"wp:term":[{"taxonomy":"category","embeddable":true,"href":"https:\/\/lametro989.com\/index.php?rest_route=%2Fwp%2Fv2%2Fcategories&post=1848"},{"taxonomy":"post_tag","embeddable":true,"href":"https:\/\/lametro989.com\/index.php?rest_route=%2Fwp%2Fv2%2Ftags&post=1848"}],"curies":[{"name":"wp","href":"https:\/\/api.w.org\/{rel}","templated":true}]}}