{"id":1892,"date":"2023-08-01T22:07:24","date_gmt":"2023-08-02T01:07:24","guid":{"rendered":"https:\/\/lametro989.com\/?p=1892"},"modified":"2023-08-01T22:07:24","modified_gmt":"2023-08-02T01:07:24","slug":"chaco-for-ever-vengo-a-un-club-popular-e-importante-en-el-futbol-argentino-sostuvo-a-pasion-federal-ricardo-pancaldo","status":"publish","type":"post","link":"https:\/\/lametro989.com\/?p=1892","title":{"rendered":"Chaco For Ever | &#8220;Vengo a un club popular e importante en el f\u00fatbol argentino&#8221; sostuvo a Pasi\u00f3n Federal Ricardo Pancaldo"},"content":{"rendered":"\n<p>El nuevo director t\u00e9cnico de Chaco For Ever, habl\u00f3 largo y tendido en el programa \u201cPasi\u00f3n Federal\u201d que se emite por Norte Grande Federal y se refiri\u00f3 sobre este nuevo desafi\u00f3 en su carrera, dejando en claro que puede levantar el momento que atraviesa el club.<\/p>\n\n\n\n<figure class=\"wp-block-image size-full\"><img loading=\"lazy\" decoding=\"async\" width=\"600\" height=\"337\" src=\"https:\/\/lametro989.com\/wp-content\/uploads\/2023\/08\/imagen-8.png\" alt=\"\" class=\"wp-image-1893\" srcset=\"https:\/\/lametro989.com\/wp-content\/uploads\/2023\/08\/imagen-8.png 600w, https:\/\/lametro989.com\/wp-content\/uploads\/2023\/08\/imagen-8-300x169.png 300w\" sizes=\"auto, (max-width: 600px) 100vw, 600px\" \/><\/figure>\n\n\n\n<p>El entrenador santafesino de 53 a\u00f1os llegar\u00e1 a Chaco este mi\u00e9rcoles por la noche y el jueves se har\u00e1 cargo del equipo, ni bien arribe el plantel tras su encuentro de Copa Argentina en C\u00f3rdoba. Viene de cuatro meses inactivo luego de su salida de Deportivo Madryn, donde dirigi\u00f3 durante poco m\u00e1s de dos a\u00f1os y consigui\u00f3 el ascenso a la Primera Nacional.&nbsp;<\/p>\n\n\n\n<p>Tras la renuncia indeclinable de Diego Osella como entrenador del primer equipo, la dirigencia de Chaco For Ever debi\u00f3 moverse a contrarreloj para contratar un sustituto y logr\u00f3 llegar a un acuerdo con un nombre que supo estar en carpeta anteriormente. Ricardo Pancaldo, de 53 a\u00f1os, firmar\u00e1 su v\u00ednculo con la instituci\u00f3n y se har\u00e1 cargo de lo que resta de temporada con el simple, pero complejo, objetivo de mantener la categor\u00eda en la Primera Nacional.&nbsp;<\/p>\n\n\n\n<p>En di\u00e1logo con Pasi\u00f3n Federal, el hombre nacido en Santa Fe explic\u00f3 c\u00f3mo lleg\u00f3 al acuerdo con el presidente H\u00e9ctor G\u00f3mez, durante la jornada del lunes. \u201c<strong>Muy feliz de llegar a esta instituci\u00f3n, con H\u00e9ctor nos conocemos hace muchos a\u00f1os, de enfrentarnos en el Federal A y en la Primera Nacional, en donde me dec\u00eda que alg\u00fan d\u00eda iba a dirigir For Eve<\/strong>r\u201d cont\u00f3 con una sonrisa en su rostro.<\/p>\n\n\n\n<p>Sobre la pregunta de como ve el equipo, el flamante entrenador fundament\u00f3: \u201c<strong>Me interes\u00f3 mucho por el plantel que tiene, cuando uno acepta el cargo, es porque evalu\u00e9 a todos los jugadores que tiene Chaco For Ever<\/strong>\u201d.<\/p>\n\n\n\n<p>En cuanto a lo que es el mundo del \u201cNegro\u201d, Pancaldo fue tajante: \u201c<strong>Lleg\u00f3 a un club importante, popular, con gran masa de hinchas que incluso es grande por su historia en el F\u00fatbol Argentino&#8221;<\/strong>.<\/p>\n\n\n\n<p>Eso s\u00ed, a la hora de hablar sobre su forma de jugar, el DT, fue sincero: \u201c<strong>La mayor\u00eda de mis equipos que dirig\u00ed hicieron muchos goles, no soy de los l\u00edricos ni de los defensivos, me gusta el equilibrio\u201d<\/strong>.<\/p>\n\n\n\n<p>Para terminar, el nuevo entrenador se refiri\u00f3 al complejo momento que atraviesa el equipo: \u201c<strong>La vida esta llena de desaf\u00edos, es muy ondulante, y en este caso est\u00e1n dadas todas las condiciones para afrontar y enfrentar las cosas<\/strong>\u201d culmin\u00f3 Ricardo Pancaldo.<\/p>\n\n\n\n<p>Su curriculum dentro del f\u00fatbol argentino es extenso en el tiempo. Comenz\u00f3 como ayudante de campo de Julio C\u00e9sar Toresani en Primera Divisi\u00f3n, donde trabaj\u00f3 en San Mart\u00edn de San Juan, Col\u00f3n y Aldosivi.&nbsp; En 2010, larg\u00f3 su carrera como entrenador principal en el sur del pa\u00eds, dirigiendo a Deportivo Roca. Adem\u00e1s, tambi\u00e9n fue entrenador de Guillermo Brown de Puerto Madryn, en dos ciclos, Cipoletti de R\u00edo Negro, Libertad de Sunchales, Sportivo Belgrano de C\u00f3rdoba, Racing de C\u00f3rdoba, San Mart\u00edn de Formosa y Deportivo Madryn, club con el que ascendi\u00f3 desde el Federal A a la Primera Nacional, en la temporada 2021.<\/p>\n","protected":false},"excerpt":{"rendered":"<p>El nuevo director t\u00e9cnico de Chaco For Ever, habl\u00f3 largo y tendido en el programa \u201cPasi\u00f3n Federal\u201d que se emite por Norte Grande Federal y&hellip; <\/p>\n","protected":false},"author":2,"featured_media":1893,"comment_status":"open","ping_status":"open","sticky":false,"template":"","format":"standard","meta":{"footnotes":""},"categories":[10],"tags":[],"class_list":["post-1892","post","type-post","status-publish","format-standard","has-post-thumbnail","hentry","category-deportes"],"_links":{"self":[{"href":"https:\/\/lametro989.com\/index.php?rest_route=\/wp\/v2\/posts\/1892","targetHints":{"allow":["GET"]}}],"collection":[{"href":"https:\/\/lametro989.com\/index.php?rest_route=\/wp\/v2\/posts"}],"about":[{"href":"https:\/\/lametro989.com\/index.php?rest_route=\/wp\/v2\/types\/post"}],"author":[{"embeddable":true,"href":"https:\/\/lametro989.com\/index.php?rest_route=\/wp\/v2\/users\/2"}],"replies":[{"embeddable":true,"href":"https:\/\/lametro989.com\/index.php?rest_route=%2Fwp%2Fv2%2Fcomments&post=1892"}],"version-history":[{"count":1,"href":"https:\/\/lametro989.com\/index.php?rest_route=\/wp\/v2\/posts\/1892\/revisions"}],"predecessor-version":[{"id":1894,"href":"https:\/\/lametro989.com\/index.php?rest_route=\/wp\/v2\/posts\/1892\/revisions\/1894"}],"wp:featuredmedia":[{"embeddable":true,"href":"https:\/\/lametro989.com\/index.php?rest_route=\/wp\/v2\/media\/1893"}],"wp:attachment":[{"href":"https:\/\/lametro989.com\/index.php?rest_route=%2Fwp%2Fv2%2Fmedia&parent=1892"}],"wp:term":[{"taxonomy":"category","embeddable":true,"href":"https:\/\/lametro989.com\/index.php?rest_route=%2Fwp%2Fv2%2Fcategories&post=1892"},{"taxonomy":"post_tag","embeddable":true,"href":"https:\/\/lametro989.com\/index.php?rest_route=%2Fwp%2Fv2%2Ftags&post=1892"}],"curies":[{"name":"wp","href":"https:\/\/api.w.org\/{rel}","templated":true}]}}