{"id":1912,"date":"2023-08-02T13:07:53","date_gmt":"2023-08-02T16:07:53","guid":{"rendered":"https:\/\/lametro989.com\/?p=1912"},"modified":"2023-08-02T13:07:53","modified_gmt":"2023-08-02T16:07:53","slug":"la-impactante-frase-del-medico-de-argentinos-sobre-la-lesion-de-luciano-sanchez","status":"publish","type":"post","link":"https:\/\/lametro989.com\/?p=1912","title":{"rendered":"La impactante frase del m\u00e9dico de Argentinos sobre la lesi\u00f3n de Luciano S\u00e1nchez"},"content":{"rendered":"\n<p>Uno de los directivos de Argentinos adelant\u00f3 que la recuperaci\u00f3n de S\u00e1nchez demandar\u00e1 entre 10 y 12 meses.<\/p>\n\n\n\n<figure class=\"wp-block-image size-full\"><img loading=\"lazy\" decoding=\"async\" width=\"610\" height=\"407\" src=\"https:\/\/lametro989.com\/wp-content\/uploads\/2023\/08\/image-11.png\" alt=\"\" class=\"wp-image-1913\" srcset=\"https:\/\/lametro989.com\/wp-content\/uploads\/2023\/08\/image-11.png 610w, https:\/\/lametro989.com\/wp-content\/uploads\/2023\/08\/image-11-300x200.png 300w\" sizes=\"auto, (max-width: 610px) 100vw, 610px\" \/><\/figure>\n\n\n\n<p>El secretario general de&nbsp;<strong>Argentinos Juniors<\/strong>, el doctor&nbsp;<strong>Alejandro Roncoroni,<\/strong>&nbsp;asegur\u00f3 este mi\u00e9rcoles que nunca vio nada igual en relaci\u00f3n a la luxaci\u00f3n completa de rodilla izquierda sufrida por el defensor&nbsp;<strong>Luciano S\u00e1nchez<\/strong>&nbsp;en el partido de anoche contra Fluminense, en la ida de los octavos de la&nbsp;<strong>Copa Libertadores.<\/strong><\/p>\n\n\n\n<p>&#8220;En 23 a\u00f1os c\u00f3mo m\u00e9dico nunca vi una lesi\u00f3n as\u00ed, Villani (doctor de la AFA) en 40 a\u00f1os me dijo lo mismo. Es casi una separaci\u00f3n del f\u00e9mur y el peron\u00e9.\u00a0Hay rotura de cruzado anterior, posterior y hay que ver c\u00f3mo est\u00e1n lo meniscos&#8221;, asegur\u00f3 el m\u00e9dico en di\u00e1logo con\u00a0<em>Directv Sports<\/em>. <\/p>\n\n\n\n<p>&#8220;Hay que hacer una reconstrucci\u00f3n.&nbsp;La recuperaci\u00f3n es de entre 10 y 12 meses&#8221;, detall\u00f3 el profesional&nbsp;de la salud y directivo del &#8220;Bicho&#8221;.<\/p>\n\n\n\n<p>https:\/\/platform.twitter.com\/embed\/Tweet.html?creatorScreenName=minutounocom&#038;dnt=false&#038;embedId=twitter-widget-0&#038;features=eyJ0ZndfdGltZWxpbmVfbGlzdCI6eyJidWNrZXQiOltdLCJ2ZXJzaW9uIjpudWxsfSwidGZ3X2ZvbGxvd2VyX2NvdW50X3N1bnNldCI6eyJidWNrZXQiOnRydWUsInZlcnNpb24iOm51bGx9LCJ0ZndfdHdlZXRfZWRpdF9iYWNrZW5kIjp7ImJ1Y2tldCI6Im9uIiwidmVyc2lvbiI6bnVsbH0sInRmd19yZWZzcmNfc2Vzc2lvbiI6eyJidWNrZXQiOiJvbiIsInZlcnNpb24iOm51bGx9LCJ0ZndfZm9zbnJfc29mdF9pbnRlcnZlbnRpb25zX2VuYWJsZWQiOnsiYnVja2V0Ijoib24iLCJ2ZXJzaW9uIjpudWxsfSwidGZ3X21peGVkX21lZGlhXzE1ODk3Ijp7ImJ1Y2tldCI6InRyZWF0bWVudCIsInZlcnNpb24iOm51bGx9LCJ0ZndfZXhwZXJpbWVudHNfY29va2llX2V4cGlyYXRpb24iOnsiYnVja2V0IjoxMjA5NjAwLCJ2ZXJzaW9uIjpudWxsfSwidGZ3X3Nob3dfYmlyZHdhdGNoX3Bpdm90c19lbmFibGVkIjp7ImJ1Y2tldCI6Im9uIiwidmVyc2lvbiI6bnVsbH0sInRmd19kdXBsaWNhdGVfc2NyaWJlc190b19zZXR0aW5ncyI6eyJidWNrZXQiOiJvbiIsInZlcnNpb24iOm51bGx9LCJ0ZndfdXNlX3Byb2ZpbGVfaW1hZ2Vfc2hhcGVfZW5hYmxlZCI6eyJidWNrZXQiOiJvbiIsInZlcnNpb24iOm51bGx9LCJ0ZndfdmlkZW9faGxzX2R5bmFtaWNfbWFuaWZlc3RzXzE1MDgyIjp7ImJ1Y2tldCI6InRydWVfYml0cmF0ZSIsInZlcnNpb24iOm51bGx9LCJ0ZndfbGVnYWN5X3RpbWVsaW5lX3N1bnNldCI6eyJidWNrZXQiOnRydWUsInZlcnNpb24iOm51bGx9LCJ0ZndfdHdlZXRfZWRpdF9mcm9udGVuZCI6eyJidWNrZXQiOiJvbiIsInZlcnNpb24iOm51bGx9fQ%3D%3D&#038;frame=false&#038;hideCard=false&#038;hideThread=false&#038;id=1686516473097830401&#038;lang=es&#038;origin=https%3A%2F%2Fwww.minutouno.com%2Fdeportes%2Fargentinos%2Fla-impactante-frase-del-medico-la-lesion-luciano-sanchez-n5785292&#038;sessionId=48b1b810e0dd5021e4cb651f1345e056333b6a09&#038;siteScreenName=minutounocom&#038;theme=light&#038;widgetsVersion=aaf4084522e3a%3A1674595607486&#038;width=550px<\/p>\n\n\n\n<p>La jugada se dio a los 10 minutos del segundo tiempo cuando el experimentado&nbsp;<strong>Marcelo<\/strong>, de Fluminense, gir\u00f3 con la pelota y S\u00e1nchez se la rob\u00f3, con tanta mala suerte que el ex Real Madrid no lleg\u00f3 a sacar la pierna y autom\u00e1ticamente se produjo la lesi\u00f3n. En el mismo momento se produjo un silencio sepulcral en el Diego Armando Maradona y el propio Marcelo se larg\u00f3 a llorar antes de ver la tarjeta roja, marcadamente conmovido por la fractura producida.<\/p>\n\n\n\n<p>De hecho,&nbsp;el lateral brasile\u00f1o se fue sin hacer declaraciones, con l\u00e1grimas en los ojos y posteriormente pidi\u00f3 perd\u00f3n en sus redes sociales.<\/p>\n\n\n\n<p>&#8220;No me queda claro si es por la patada de Marcelo. No me surge ni me sale hacerlo cargo, como s\u00ed en su momento ocurri\u00f3 de\u00a0<strong>Carlos Tevez\u00a0<\/strong>con\u00a0<strong>Ezequiel Ham<\/strong>.\u00a0Me pidi\u00f3 el n\u00famero de S\u00e1nchez para poder llamarlo. Se retir\u00f3 solo del estadio incluso antes de terminar el partido&#8221;, dijo Roncoroni. <\/p>\n\n\n\n<p>Por el contrario, el dirigente apunt\u00f3 contra el DT brasile\u00f1o&nbsp;<strong>Felipe Melo<\/strong>, que como se caracteriza, provoc\u00f3 a los hinchas y jugadores rivales durante el partido y lo hizo luego ante los micr\u00f3fonos en la zona mixta cuando asegur\u00f3:&nbsp;&#8220;No me lo puedo creer que el \u00e1rbitro haya tenido la caradurez de expulsar a Marcelo&#8221;.<\/p>\n\n\n\n<p>De hecho, Roncoroni, que se mantuvo cauto en toda la entrevista, en este caso apunt\u00f3: &#8220;Lo \u00fanico que da verg\u00fcenza son las declaraciones de Felipe Melo. Marcelo se retir\u00f3 solo del estadio. Felipe Melo dio un mont\u00f3n de notas. Est\u00e1n claras las diferencias&#8221;.<\/p>\n","protected":false},"excerpt":{"rendered":"<p>Uno de los directivos de Argentinos adelant\u00f3 que la recuperaci\u00f3n de S\u00e1nchez demandar\u00e1 entre 10 y 12 meses. El secretario general de&nbsp;Argentinos Juniors, el doctor&nbsp;Alejandro&hellip; <\/p>\n","protected":false},"author":2,"featured_media":1913,"comment_status":"open","ping_status":"open","sticky":false,"template":"","format":"standard","meta":{"footnotes":""},"categories":[10,9],"tags":[],"class_list":["post-1912","post","type-post","status-publish","format-standard","has-post-thumbnail","hentry","category-deportes","category-destacadas"],"_links":{"self":[{"href":"https:\/\/lametro989.com\/index.php?rest_route=\/wp\/v2\/posts\/1912","targetHints":{"allow":["GET"]}}],"collection":[{"href":"https:\/\/lametro989.com\/index.php?rest_route=\/wp\/v2\/posts"}],"about":[{"href":"https:\/\/lametro989.com\/index.php?rest_route=\/wp\/v2\/types\/post"}],"author":[{"embeddable":true,"href":"https:\/\/lametro989.com\/index.php?rest_route=\/wp\/v2\/users\/2"}],"replies":[{"embeddable":true,"href":"https:\/\/lametro989.com\/index.php?rest_route=%2Fwp%2Fv2%2Fcomments&post=1912"}],"version-history":[{"count":1,"href":"https:\/\/lametro989.com\/index.php?rest_route=\/wp\/v2\/posts\/1912\/revisions"}],"predecessor-version":[{"id":1914,"href":"https:\/\/lametro989.com\/index.php?rest_route=\/wp\/v2\/posts\/1912\/revisions\/1914"}],"wp:featuredmedia":[{"embeddable":true,"href":"https:\/\/lametro989.com\/index.php?rest_route=\/wp\/v2\/media\/1913"}],"wp:attachment":[{"href":"https:\/\/lametro989.com\/index.php?rest_route=%2Fwp%2Fv2%2Fmedia&parent=1912"}],"wp:term":[{"taxonomy":"category","embeddable":true,"href":"https:\/\/lametro989.com\/index.php?rest_route=%2Fwp%2Fv2%2Fcategories&post=1912"},{"taxonomy":"post_tag","embeddable":true,"href":"https:\/\/lametro989.com\/index.php?rest_route=%2Fwp%2Fv2%2Ftags&post=1912"}],"curies":[{"name":"wp","href":"https:\/\/api.w.org\/{rel}","templated":true}]}}