{"id":1984,"date":"2023-08-03T23:09:55","date_gmt":"2023-08-04T02:09:55","guid":{"rendered":"https:\/\/lametro989.com\/?p=1984"},"modified":"2023-08-03T23:09:55","modified_gmt":"2023-08-04T02:09:55","slug":"aparecieron-fotos-de-sebastian-villa-vistiendo-la-camiseta-de-un-club-espanol","status":"publish","type":"post","link":"https:\/\/lametro989.com\/?p=1984","title":{"rendered":"Aparecieron fotos de Sebasti\u00e1n Villa vistiendo la camiseta de un club espa\u00f1ol"},"content":{"rendered":"\n<h2 class=\"wp-block-heading\">El delantero colombiano, de quien se desconoc\u00eda su destino mientras es requerido en Boca, fue fotografiado en un entrenamiento del equipo que conduce Pipa Gancedo.<\/h2>\n\n\n\n<figure class=\"wp-block-image size-full\"><img loading=\"lazy\" decoding=\"async\" width=\"610\" height=\"381\" src=\"https:\/\/lametro989.com\/wp-content\/uploads\/2023\/08\/image-30.png\" alt=\"\" class=\"wp-image-1985\" srcset=\"https:\/\/lametro989.com\/wp-content\/uploads\/2023\/08\/image-30.png 610w, https:\/\/lametro989.com\/wp-content\/uploads\/2023\/08\/image-30-300x187.png 300w\" sizes=\"auto, (max-width: 610px) 100vw, 610px\" \/><\/figure>\n\n\n\n<p>Como se sabe,\u00a0<strong>Sebasti\u00e1n Villa fue condenado a dos a\u00f1os y un mes de prisi\u00f3n condicional por haber ejercido violencia de g\u00e9nero contra su expareja Daniela Cort\u00e9s<\/strong>\u00a0en abril de 2020, en una vivienda de un barrio privado de la localidad bonaerense de Canning.A ra\u00edz de la condena que sigue en suspenso tras la apelaci\u00f3n realizada por los abogados del jugador,\u00a0<strong>Boca Juniors lo convoc\u00f3 a los entrenamientos -aunque no ser\u00eda tenido en cuenta para el plantel profesional<\/strong>&#8211; luego de que Villa se tomara unas vacaciones en Colombia. Pero\u00a0<strong>el 27 de julio pasado no se present\u00f3 a trabajar junto a sus compa\u00f1eros y su destino era una inc\u00f3gnita<\/strong>.<\/p>\n\n\n\n<p>Hasta ahora, que en redes sociales aparecieron&nbsp;<strong>fotos del colombiano de 27 a\u00f1os vistiendo la indumentaria de un club de f\u00fatbol espa\u00f1ol<\/strong>.<\/p>\n\n\n\n<figure class=\"wp-block-image\"><img decoding=\"async\" src=\"https:\/\/media.minutouno.com\/p\/1c5ad28e254f558ecf6b596b2e4baad6\/adjuntos\/150\/imagenes\/040\/888\/0040888021\/610x0\/smart\/villa-lanzarote-twitterjfif.jfif\" alt=\"\" title=\"\"\/><\/figure>\n\n\n\n<p>En concreto, un periodista argentino radicado en Espa\u00f1a public\u00f3&nbsp;<strong>fotograf\u00edas del delantero con la camiseta de la Uni\u00f3n Deportiva Lanzarote, equipo del grupo XII de Tercera Divisi\u00f3n espa\u00f1ola<\/strong>, ubicado en las islas Canarias.<\/p>\n\n\n\n<p>El \u00fanico en dar explicaciones sobre la situaci\u00f3n fue el argentino Pipa Gancedo, entrenador de la UD Lanzarote: &#8220;Somos un club amateur y<strong>&nbsp;tengo buena onda con los representantes del jugador, vino por el fin de semana a la isla y le ofrecimos moverse un poco con el equipo<\/strong>&#8220;.<\/p>\n","protected":false},"excerpt":{"rendered":"<p>El delantero colombiano, de quien se desconoc\u00eda su destino mientras es requerido en Boca, fue fotografiado en un entrenamiento del equipo que conduce Pipa Gancedo.&hellip; <\/p>\n","protected":false},"author":2,"featured_media":1985,"comment_status":"open","ping_status":"open","sticky":false,"template":"","format":"standard","meta":{"footnotes":""},"categories":[10],"tags":[],"class_list":["post-1984","post","type-post","status-publish","format-standard","has-post-thumbnail","hentry","category-deportes"],"_links":{"self":[{"href":"https:\/\/lametro989.com\/index.php?rest_route=\/wp\/v2\/posts\/1984","targetHints":{"allow":["GET"]}}],"collection":[{"href":"https:\/\/lametro989.com\/index.php?rest_route=\/wp\/v2\/posts"}],"about":[{"href":"https:\/\/lametro989.com\/index.php?rest_route=\/wp\/v2\/types\/post"}],"author":[{"embeddable":true,"href":"https:\/\/lametro989.com\/index.php?rest_route=\/wp\/v2\/users\/2"}],"replies":[{"embeddable":true,"href":"https:\/\/lametro989.com\/index.php?rest_route=%2Fwp%2Fv2%2Fcomments&post=1984"}],"version-history":[{"count":1,"href":"https:\/\/lametro989.com\/index.php?rest_route=\/wp\/v2\/posts\/1984\/revisions"}],"predecessor-version":[{"id":1986,"href":"https:\/\/lametro989.com\/index.php?rest_route=\/wp\/v2\/posts\/1984\/revisions\/1986"}],"wp:featuredmedia":[{"embeddable":true,"href":"https:\/\/lametro989.com\/index.php?rest_route=\/wp\/v2\/media\/1985"}],"wp:attachment":[{"href":"https:\/\/lametro989.com\/index.php?rest_route=%2Fwp%2Fv2%2Fmedia&parent=1984"}],"wp:term":[{"taxonomy":"category","embeddable":true,"href":"https:\/\/lametro989.com\/index.php?rest_route=%2Fwp%2Fv2%2Fcategories&post=1984"},{"taxonomy":"post_tag","embeddable":true,"href":"https:\/\/lametro989.com\/index.php?rest_route=%2Fwp%2Fv2%2Ftags&post=1984"}],"curies":[{"name":"wp","href":"https:\/\/api.w.org\/{rel}","templated":true}]}}