{"id":1987,"date":"2023-08-03T23:12:18","date_gmt":"2023-08-04T02:12:18","guid":{"rendered":"https:\/\/lametro989.com\/?p=1987"},"modified":"2023-08-03T23:12:18","modified_gmt":"2023-08-04T02:12:18","slug":"wanda-nara-hablo-sobre-la-posible-demanda-a-jorge-lanata-que-necesidad-de","status":"publish","type":"post","link":"https:\/\/lametro989.com\/?p=1987","title":{"rendered":"Wanda Nara habl\u00f3 sobre la posible demanda a Jorge Lanata: &#8220;\u00bfQu\u00e9 necesidad de&#8230;?&#8221;"},"content":{"rendered":"\n<p>Tras difundirse un rumor de que Wanda Nara demandar\u00eda al periodista, la mism\u00edsima empresaria despej\u00f3 las dudas.<\/p>\n\n\n\n<figure class=\"wp-block-image size-full\"><img loading=\"lazy\" decoding=\"async\" width=\"610\" height=\"457\" src=\"https:\/\/lametro989.com\/wp-content\/uploads\/2023\/08\/image-31.png\" alt=\"\" class=\"wp-image-1988\" srcset=\"https:\/\/lametro989.com\/wp-content\/uploads\/2023\/08\/image-31.png 610w, https:\/\/lametro989.com\/wp-content\/uploads\/2023\/08\/image-31-300x225.png 300w\" sizes=\"auto, (max-width: 610px) 100vw, 610px\" \/><\/figure>\n\n\n\n<p>Tras los\u00a0<a rel=\"noreferrer noopener\" href=\"https:\/\/www.minutouno.com\/espectaculos\/wanda-nara\/demandaria-jorge-lanata-los-detalles-n5786729\" target=\"_blank\">rumores de que iniciar\u00eda una demanda<\/a>,<strong>\u00a0Wanda Nara<\/strong>\u00a0puso fin a las especulaciones y aclar\u00f3 que no llevar\u00e1 a la Justicia a\u00a0<strong>Jorge Lanata<\/strong>\u00a0tras los dichos sobre su salud al aire de Radio Mitre, luego de que en el ciclo de Am\u00e9rica &#8220;A la Tarde&#8221; contaran que demandar\u00eda al periodista.La venganza est\u00e1 en marcha y est\u00e1 en manos de Ana Rosenfeld. La semana pr\u00f3xima Wanda demandar\u00eda a Lanata por da\u00f1os y perjuicios&#8221;, dijo el periodista Diego Est\u00e9ves en el magazine de la tarde. Y agreg\u00f3 los supuestos motivos: &#8220;Por haber confirmado un diagn\u00f3stico, que seg\u00fan Wanda Nara al momento que Jorge Lanata diera la informaci\u00f3n, no lo ten\u00eda confirmado ella&#8221;, sostuvo el panelista.<\/p>\n\n\n\n<h2 class=\"wp-block-heading\">LA PALABRA DE WANDA<\/h2>\n\n\n\n<p>Al advertir esto, la medi\u00e1tica esposa de Mauro Icardi no dud\u00f3 en referirse al asunto en Twitter:&nbsp;&#8220;Otra mentira m\u00e1s&#8230; \u00bfQu\u00e9 necesidad de inventarme tantas cosas?&#8221;, escribi\u00f3, citando una nota que replicaba la informaci\u00f3n del programa de Karina Mazzocco.<\/p>\n\n\n\n<p>&#8220;Es mentira&#8221;, sum\u00f3 en otro tuit, dejando en claro que no accionar\u00e1 legalmente contra el conductor de&nbsp;<em>PPT<\/em><\/p>\n","protected":false},"excerpt":{"rendered":"<p>Tras difundirse un rumor de que Wanda Nara demandar\u00eda al periodista, la mism\u00edsima empresaria despej\u00f3 las dudas. Tras los\u00a0rumores de que iniciar\u00eda una demanda,\u00a0Wanda Nara\u00a0puso&hellip; <\/p>\n","protected":false},"author":2,"featured_media":1988,"comment_status":"open","ping_status":"open","sticky":false,"template":"","format":"standard","meta":{"footnotes":""},"categories":[13],"tags":[],"class_list":["post-1987","post","type-post","status-publish","format-standard","has-post-thumbnail","hentry","category-nacionales"],"_links":{"self":[{"href":"https:\/\/lametro989.com\/index.php?rest_route=\/wp\/v2\/posts\/1987","targetHints":{"allow":["GET"]}}],"collection":[{"href":"https:\/\/lametro989.com\/index.php?rest_route=\/wp\/v2\/posts"}],"about":[{"href":"https:\/\/lametro989.com\/index.php?rest_route=\/wp\/v2\/types\/post"}],"author":[{"embeddable":true,"href":"https:\/\/lametro989.com\/index.php?rest_route=\/wp\/v2\/users\/2"}],"replies":[{"embeddable":true,"href":"https:\/\/lametro989.com\/index.php?rest_route=%2Fwp%2Fv2%2Fcomments&post=1987"}],"version-history":[{"count":1,"href":"https:\/\/lametro989.com\/index.php?rest_route=\/wp\/v2\/posts\/1987\/revisions"}],"predecessor-version":[{"id":1989,"href":"https:\/\/lametro989.com\/index.php?rest_route=\/wp\/v2\/posts\/1987\/revisions\/1989"}],"wp:featuredmedia":[{"embeddable":true,"href":"https:\/\/lametro989.com\/index.php?rest_route=\/wp\/v2\/media\/1988"}],"wp:attachment":[{"href":"https:\/\/lametro989.com\/index.php?rest_route=%2Fwp%2Fv2%2Fmedia&parent=1987"}],"wp:term":[{"taxonomy":"category","embeddable":true,"href":"https:\/\/lametro989.com\/index.php?rest_route=%2Fwp%2Fv2%2Fcategories&post=1987"},{"taxonomy":"post_tag","embeddable":true,"href":"https:\/\/lametro989.com\/index.php?rest_route=%2Fwp%2Fv2%2Ftags&post=1987"}],"curies":[{"name":"wp","href":"https:\/\/api.w.org\/{rel}","templated":true}]}}