{"id":2006,"date":"2023-08-04T19:38:55","date_gmt":"2023-08-04T22:38:55","guid":{"rendered":"https:\/\/lametro989.com\/?p=2006"},"modified":"2023-08-04T19:38:55","modified_gmt":"2023-08-04T22:38:55","slug":"boca-cerro-la-venta-de-alan-varela-a-porto","status":"publish","type":"post","link":"https:\/\/lametro989.com\/?p=2006","title":{"rendered":"Boca cerr\u00f3 la venta de Alan Varela a Porto"},"content":{"rendered":"\n<p>El mediocampista central surgido en las inferiores del club viajar\u00eda este fin de semana para sellar su v\u00ednculo con el club portugu\u00e9s. Todo indica que no jugar\u00eda contra Nacional en La Bombonera.<\/p>\n\n\n\n<figure class=\"wp-block-image size-large\"><img loading=\"lazy\" decoding=\"async\" width=\"1024\" height=\"785\" src=\"https:\/\/lametro989.com\/wp-content\/uploads\/2023\/08\/image-38-1024x785.png\" alt=\"\" class=\"wp-image-2008\" srcset=\"https:\/\/lametro989.com\/wp-content\/uploads\/2023\/08\/image-38-1024x785.png 1024w, https:\/\/lametro989.com\/wp-content\/uploads\/2023\/08\/image-38-300x230.png 300w, https:\/\/lametro989.com\/wp-content\/uploads\/2023\/08\/image-38-768x589.png 768w, https:\/\/lametro989.com\/wp-content\/uploads\/2023\/08\/image-38.png 1089w\" sizes=\"auto, (max-width: 1024px) 100vw, 1024px\" \/><\/figure>\n\n\n\n<p>Mientras todos los focos se centran en la serie de octavos de final contra Nacional, Boca se sigue moviendo en el mercado de pases m\u00e1s que nunca. Los refuerzos contin\u00faan llegando a La Ribera, y el Consejo de F\u00fatbol trabaja en seguir nutriendo al plantel en puestos puntuales, a la vez que se presentan novedades en cuanto a las salidas. Es que despu\u00e9s de varios idas y vueltas, el Xeneize lleg\u00f3 a un acuerdo con el Porto para vender a Alan Varela.<\/p>\n\n\n\n<p>Si bien restan algunos detalles m\u00ednimos, el Xeneize y el Porto lograron acordar las formas de pago -tema que estaba trabando la operaci\u00f3n- por el volante de 22 a\u00f1os y el volante central de Isidro Casanova viajar\u00e1 en los pr\u00f3ximos d\u00edas hacia Portugal para estampar la firma<\/p>\n\n\n\n<p>De no mediar imprevistos, los Dragones desembolsar\u00e1n un total de 12.500.000 d\u00f3lares por Varela para comprar el 85% del pase. En concreto, a las arcas del conjunto de La Ribera ingresar\u00e1n 9 millones de d\u00f3lares en una primera instancia y los otros 3.5 millones se corresponden a bonos que se ir\u00edan abonando a medida que el jugador cumpla determinados objetivos.<\/p>\n\n\n\n<p>Y otro dato no menor es que Boca se quedar\u00e1 con un plusval\u00eda del 20% en caso una futura venta de Varela; esto implica que si el volante surgido en la cantera azul y oro es transferido por el Porto posteriormente, el club percibir\u00e1 ese porcentaje del total.<\/p>\n\n\n\n<h3 class=\"wp-block-heading\">M\u00c1S AFUERA QUE ADENTRO<\/h3>\n\n\n\n<p>A pesar de que en los pasillos de Brandsen 805 se mostraban optimistas de que Jorge Almir\u00f3n pudiera tenerlo a disposici\u00f3n para la revancha contra Nacional, todo indica que Alan Varela deber\u00e1 viajar el fin de semana rumbo a tierras lusas para firmar todos los papeles del acuerdo.&nbsp;<\/p>\n\n\n\n<p>Los dirigentes del Porto quer\u00edan tenerlo cuanto antes y es altamente probable que el jugador no pueda disputar el encuentro de vuelta de los octavos de final de la Copa Libertadores.&nbsp;<\/p>\n\n\n\n<p><em>Fuente: TyC Sport&nbsp;<\/em><\/p>\n","protected":false},"excerpt":{"rendered":"<p>El mediocampista central surgido en las inferiores del club viajar\u00eda este fin de semana para sellar su v\u00ednculo con el club portugu\u00e9s. Todo indica que&hellip; <\/p>\n","protected":false},"author":2,"featured_media":2008,"comment_status":"open","ping_status":"open","sticky":false,"template":"","format":"standard","meta":{"footnotes":""},"categories":[10,9],"tags":[],"class_list":["post-2006","post","type-post","status-publish","format-standard","has-post-thumbnail","hentry","category-deportes","category-destacadas"],"_links":{"self":[{"href":"https:\/\/lametro989.com\/index.php?rest_route=\/wp\/v2\/posts\/2006","targetHints":{"allow":["GET"]}}],"collection":[{"href":"https:\/\/lametro989.com\/index.php?rest_route=\/wp\/v2\/posts"}],"about":[{"href":"https:\/\/lametro989.com\/index.php?rest_route=\/wp\/v2\/types\/post"}],"author":[{"embeddable":true,"href":"https:\/\/lametro989.com\/index.php?rest_route=\/wp\/v2\/users\/2"}],"replies":[{"embeddable":true,"href":"https:\/\/lametro989.com\/index.php?rest_route=%2Fwp%2Fv2%2Fcomments&post=2006"}],"version-history":[{"count":1,"href":"https:\/\/lametro989.com\/index.php?rest_route=\/wp\/v2\/posts\/2006\/revisions"}],"predecessor-version":[{"id":2009,"href":"https:\/\/lametro989.com\/index.php?rest_route=\/wp\/v2\/posts\/2006\/revisions\/2009"}],"wp:featuredmedia":[{"embeddable":true,"href":"https:\/\/lametro989.com\/index.php?rest_route=\/wp\/v2\/media\/2008"}],"wp:attachment":[{"href":"https:\/\/lametro989.com\/index.php?rest_route=%2Fwp%2Fv2%2Fmedia&parent=2006"}],"wp:term":[{"taxonomy":"category","embeddable":true,"href":"https:\/\/lametro989.com\/index.php?rest_route=%2Fwp%2Fv2%2Fcategories&post=2006"},{"taxonomy":"post_tag","embeddable":true,"href":"https:\/\/lametro989.com\/index.php?rest_route=%2Fwp%2Fv2%2Ftags&post=2006"}],"curies":[{"name":"wp","href":"https:\/\/api.w.org\/{rel}","templated":true}]}}