{"id":2057,"date":"2023-08-06T15:16:30","date_gmt":"2023-08-06T18:16:30","guid":{"rendered":"https:\/\/lametro989.com\/?p=2057"},"modified":"2023-08-06T15:16:30","modified_gmt":"2023-08-06T18:16:30","slug":"los-antecedentes-de-edinson-cavani-ante-nacional","status":"publish","type":"post","link":"https:\/\/lametro989.com\/?p=2057","title":{"rendered":"LOS ANTECEDENTES DE EDINSON CAVANI ANTE NACIONAL"},"content":{"rendered":"\n<p>El delantero podr\u00eda hacer su debut en Boca en la revancha del mi\u00e9rcoles por la Copa Libertadores.<\/p>\n\n\n\n<figure class=\"wp-block-image size-large\"><img loading=\"lazy\" decoding=\"async\" width=\"1024\" height=\"591\" src=\"https:\/\/lametro989.com\/wp-content\/uploads\/2023\/08\/image-54-1024x591.png\" alt=\"\" class=\"wp-image-2058\" srcset=\"https:\/\/lametro989.com\/wp-content\/uploads\/2023\/08\/image-54-1024x591.png 1024w, https:\/\/lametro989.com\/wp-content\/uploads\/2023\/08\/image-54-300x173.png 300w, https:\/\/lametro989.com\/wp-content\/uploads\/2023\/08\/image-54-768x443.png 768w, https:\/\/lametro989.com\/wp-content\/uploads\/2023\/08\/image-54-1536x886.png 1536w, https:\/\/lametro989.com\/wp-content\/uploads\/2023\/08\/image-54.png 1560w\" sizes=\"auto, (max-width: 1024px) 100vw, 1024px\" \/><\/figure>\n\n\n\n<p><a href=\"https:\/\/www.elgrafico.com.ar\/etiqueta\/Boca?gclid=Cj0KCQjwib2mBhDWARIsAPZUn_mwH_ki3uVhcl1cnSyqcXXDdA0tpoT2cyrj8kOM-GeIFkm0q92uavgaAp9TEALw_wcB\" target=\"_blank\" rel=\"noreferrer noopener\"><strong>BOCA<\/strong><\/a>&nbsp;se prepara para el partido de vuelta ante Nacional por la revancha de los octavos de final de la Copa Libertadores. Luego del 0-0 de la ida en Uruguay, el Xeneize buscar\u00e1 el mi\u00e9rcoles un triunfo que le d\u00e9 la clasificaci\u00f3n a la pr\u00f3xima instancia.&nbsp;<\/p>\n\n\n\n<p><strong><a href=\"https:\/\/www.elgrafico.com.ar\/etiqueta\/edinson%20cavani\" target=\"_blank\" rel=\"noreferrer noopener\">Edinson Cavani<\/a>&nbsp;podr\u00eda hacer su debut en el equipo de Jorge Almir\u00f3n.<\/strong>&nbsp;El uruguayo de 36 a\u00f1os, fichaje estelar en el mercado de pases,&nbsp;<a href=\"https:\/\/www.elgrafico.com.ar\/articulo\/primera-division\/67740\/la-bombonera-hablo-y-le-regalo-una-calurosa-bienvenida-a-edinson-cavani\" target=\"_blank\" rel=\"noreferrer noopener\">fue presentado el lunes pasado<\/a>&nbsp;y no lleg\u00f3 a estar en la convocatoria del partido de ida. Luego de una intensa puesta a punto tendr\u00eda minutos por primera vez.&nbsp;<\/p>\n\n\n\n<p><strong>El Matador de Salto inici\u00f3 su carrera en Danubio en 2005<\/strong>&nbsp;y despu\u00e9s de dos temporadas parti\u00f3 a Palermo para inicar una larga y exitosa&nbsp;trayectoria en el Viejo Continente.&nbsp;<strong>En su historial acredita 3 encuentros ante Nacional. El saldo es de 2 triunfos, 1 derrota y un gol.<\/strong><\/p>\n\n\n\n<p>La primera vez fue el 16 de junio de 2006 por el&nbsp;<strong>Torneo Clausura, con el Bolso ya campe\u00f3n, pero&nbsp;con victoria 2-1 para Danubio y protagonismo de Cavani: estableci\u00f3 el 1-1 parcial<\/strong>&nbsp;para el equipo de Gustavo Matosas y protagoniz\u00f3 la jugada del penal del 2-1 que, curiosamente, fue una infracci\u00f3n de Luis Su\u00e1rez sobre \u00e9l. Danubio finaliz\u00f3 3\u00b0 a 8 puntos de Nacional.&nbsp;<\/p>\n\n\n\n<p>A los pocos d\u00edas se volvieron a cruzar en&nbsp;la&nbsp;<strong>Liguilla Pre Libertadores<\/strong>, disputada el 27&nbsp;de junio de 2006 en el Centenario, y&nbsp;<strong>Nacional se cobr\u00f3 venganza con un triunfo 3-1.<\/strong><\/p>\n\n\n\n<p>La \u00faltima vez fue por el<strong>&nbsp;Torneo Apertura 2006<\/strong>&nbsp;que termin\u00f3 consagrando a Danubio, en el en el tercer t\u00edtulo de los 4 que tiene La Franja en su historia. El 25 de agosto de aquel a\u00f1o,&nbsp;<strong>Danubio se impuso 1-0 y Cavani fue titular en el Gran Parque Central.<\/strong><\/p>\n\n\n\n<p>En enero de 2007, luego de una gran actuaci\u00f3n en el Sudamericano Sub 20 y pese a que&nbsp;<a href=\"https:\/\/www.elgrafico.com.ar\/articulo\/primera-division\/67711\/cuando-cavani-fue-ofrecido-a-boca-hace-mas-de-15-anios\" target=\"_blank\" rel=\"noreferrer noopener\"><strong>estuvo en el radar de Boca<\/strong><\/a>, Cavani parti\u00f3 a Palermo. El mi\u00e9rcoles podr\u00eda hacer su debut y volver a enfrentar a Nacional despu\u00e9s de 17 a\u00f1os.&nbsp;<\/p>\n\n\n\n<p><img decoding=\"async\" src=\"https:\/\/www.elgrafico.com.ar\/media\/cache\/pub_news_details_large\/media\/i\/f8\/6a\/f86a0f62f60a32d501f7362fa164e8de77ec2a32.jpg\" alt=\"Imagen Edinson Cavani inici\u00f3 su carrera en Danubio. Jug\u00f3 2 a\u00f1os, fue campe\u00f3n y parti\u00f3 a Palermo en 2007 (@PORDECIRALGOWEB)\"><\/p>\n\n\n\n<p><strong>Edinson Cavani inici\u00f3 su carrera en Danubio. Jug\u00f3 2 a\u00f1os, fue campe\u00f3n y parti\u00f3 a Palermo en 2007 (@PORDECIRALGOWEB)<\/strong><\/p>\n","protected":false},"excerpt":{"rendered":"<p>El delantero podr\u00eda hacer su debut en Boca en la revancha del mi\u00e9rcoles por la Copa Libertadores. BOCA&nbsp;se prepara para el partido de vuelta ante&hellip; <\/p>\n","protected":false},"author":2,"featured_media":2058,"comment_status":"open","ping_status":"open","sticky":false,"template":"","format":"standard","meta":{"footnotes":""},"categories":[10],"tags":[],"class_list":["post-2057","post","type-post","status-publish","format-standard","has-post-thumbnail","hentry","category-deportes"],"_links":{"self":[{"href":"https:\/\/lametro989.com\/index.php?rest_route=\/wp\/v2\/posts\/2057","targetHints":{"allow":["GET"]}}],"collection":[{"href":"https:\/\/lametro989.com\/index.php?rest_route=\/wp\/v2\/posts"}],"about":[{"href":"https:\/\/lametro989.com\/index.php?rest_route=\/wp\/v2\/types\/post"}],"author":[{"embeddable":true,"href":"https:\/\/lametro989.com\/index.php?rest_route=\/wp\/v2\/users\/2"}],"replies":[{"embeddable":true,"href":"https:\/\/lametro989.com\/index.php?rest_route=%2Fwp%2Fv2%2Fcomments&post=2057"}],"version-history":[{"count":1,"href":"https:\/\/lametro989.com\/index.php?rest_route=\/wp\/v2\/posts\/2057\/revisions"}],"predecessor-version":[{"id":2059,"href":"https:\/\/lametro989.com\/index.php?rest_route=\/wp\/v2\/posts\/2057\/revisions\/2059"}],"wp:featuredmedia":[{"embeddable":true,"href":"https:\/\/lametro989.com\/index.php?rest_route=\/wp\/v2\/media\/2058"}],"wp:attachment":[{"href":"https:\/\/lametro989.com\/index.php?rest_route=%2Fwp%2Fv2%2Fmedia&parent=2057"}],"wp:term":[{"taxonomy":"category","embeddable":true,"href":"https:\/\/lametro989.com\/index.php?rest_route=%2Fwp%2Fv2%2Fcategories&post=2057"},{"taxonomy":"post_tag","embeddable":true,"href":"https:\/\/lametro989.com\/index.php?rest_route=%2Fwp%2Fv2%2Ftags&post=2057"}],"curies":[{"name":"wp","href":"https:\/\/api.w.org\/{rel}","templated":true}]}}