{"id":2688,"date":"2023-08-24T00:43:13","date_gmt":"2023-08-24T03:43:13","guid":{"rendered":"https:\/\/lametro989.com\/?p=2688"},"modified":"2023-08-24T00:43:13","modified_gmt":"2023-08-24T03:43:13","slug":"sergio-massa-anuncio-compensaciones-economicas-para-los-comerciantes-que-hayan-sufrido-saqueos","status":"publish","type":"post","link":"https:\/\/lametro989.com\/?p=2688","title":{"rendered":"Sergio Massa anunci\u00f3 compensaciones econ\u00f3micas para los comerciantes que hayan sufrido saqueos"},"content":{"rendered":"\n<p>As\u00ed lo anunci\u00f3 el ministro de Econom\u00eda y candidato a presidente de la Naci\u00f3n (Uni\u00f3n por la Patria) desde Estados Unidos tras los hechos delictivos registrados en Argentina durante los \u00faltimos d\u00edas.  <\/p>\n\n\n\n<figure class=\"wp-block-image size-full\"><img loading=\"lazy\" decoding=\"async\" width=\"480\" height=\"500\" src=\"https:\/\/lametro989.com\/wp-content\/uploads\/2023\/08\/image-199.png\" alt=\"\" class=\"wp-image-2689\" srcset=\"https:\/\/lametro989.com\/wp-content\/uploads\/2023\/08\/image-199.png 480w, https:\/\/lametro989.com\/wp-content\/uploads\/2023\/08\/image-199-288x300.png 288w\" sizes=\"auto, (max-width: 480px) 100vw, 480px\" \/><\/figure>\n\n\n\n<p>Sergio Massa anunci\u00f3 esta noche compensaciones econ\u00f3micas para los comerciantes que hayan sufrido saqueos en el territorio del \u00c1rea Metropolitana de Buenos Aires pero tambi\u00e9n del interior del pa\u00eds durante los \u00faltimos d\u00edas. As\u00ed lo precis\u00f3 el ministro de Econom\u00eda y candidato a Presidente de la Naci\u00f3n durante una conferencia de prensa brindada hoy en la ciudad de Washington \u2014Estados Unidos\u2014 apenas horas despu\u00e9s de que el directorio del FMI aprobara el desembolso de 7.500 millones de d\u00f3lares para la Argentina.<\/p>\n\n\n\n<p>&#8220;En el ministerio de Econom\u00eda tomamos la decisi\u00f3n de instruir a la Secretar\u00eda de industria para que a cada uno de los comerciantes afectados en la provincia de Neuqu\u00e9n, Buenos Aires, R\u00edo Negro, C\u00f3rdoba, Mendoza que tengan la denuncia realizada y que tengan una constataci\u00f3n de las p\u00e9rdidas, se les hagan un aporte no reembolsable. Es decir, un apoyo econ\u00f3mico de la Secretar\u00eda de Industria de hasta siete millones de pesos para recuperar el capital de trabajo&#8221;, anunci\u00f3 el ministro de Econom\u00eda al ser consultado por los saqueos registrados en el pa\u00eds durante las \u00faltimas jornadas.<\/p>\n\n\n\n<p>&#8220;Creemos que la gente de trabajo v\u00edctima de un delito, de alguna manera tiene que ver en el Estado su capacidad de respuesta y protecci\u00f3n&#8221;, coment\u00f3 Massa.<\/p>\n\n\n\n<p>En un primer momento, tras la consulta por los saqueos durante la conferencia de prensa, el ministro analiz\u00f3: &#8220;Hay dos planos para mirar. Uno es el de los delincuentes y la causa u origen de ese delito. Despu\u00e9s ser\u00e1 responsabilidad de jueces y fiscales buscar si se trata de simples delincuentes o delincuentes instigados. Hay un segundo plano que es el de la gente de laburo, el comerciante y el supermercadista que de alguna manera trabaja todos los d\u00edas y fue v\u00edctima de un delito&#8221;.<\/p>\n\n\n\n<figure class=\"wp-block-image\"><img decoding=\"async\" src=\"https:\/\/www.diarionorte.com\/content\/bucket\/2\/330692w750h422c.jpg.webp\" alt=\"\"\/><figcaption class=\"wp-element-caption\">Kristalina Georgieva y Sergio Massa, este mi\u00e9rcoles por la tarde en el FMI.<\/figcaption><\/figure>\n\n\n\n<p>A continuaci\u00f3n, el ministro realiz\u00f3 otro anuncio en relaci\u00f3n al escenario. &#8220;Le pedimos a la Secretar\u00eda de Legal y T\u00e9cnica del ministerio de Econom\u00eda que arme un equipo de seguimiento, porque lo que no nos puede pasar es que esos delincuentes que arrebataron un comercio o un supermercado entren por una puerta y salgan por la otra en una comisar\u00eda. Vamos a estar controlando a esos jueces y a esos fiscales para ver si aplican el c\u00f3digo penal con su plenitud, porque esto es robo en poblado y en banda, porque hay un ataque a la propiedad privada&#8221;, indic\u00f3.<\/p>\n\n\n\n<p>&#8220;Entonces, a los jueces y a los fiscales que no apliquen en plenitud el c\u00f3digo penal, armamos un equipo de abogados que van \u2014de alguna manera\u2014 a denunciarlos y a pedir el juicio pol\u00edtico&#8221;, enfatiz\u00f3 Massa desde Estados Unidos.<\/p>\n\n\n\n<p>En el marco del viaje del ministro a Estados Unidos, el FMI confirm\u00f3 hoy el desembolso de 7.500 millones de d\u00f3lares, tambi\u00e9n anticip\u00f3 que cambiar\u00e1n las metas y que acord\u00f3 un paquete de medidas con el Gobierno.<\/p>\n\n\n\n<p>Luego de esa confirmaci\u00f3n del Fondo Monetario Internacional, los d\u00f3lares llegar\u00e1n hoy mismo al pa\u00eds y pasar\u00e1n a formar parte de las alica\u00eddas reservas del Banco Central. Esta tarde, Massa se reuni\u00f3 tambi\u00e9n con la directora Georgieva. Se trata de uno de los desembolsos m\u00e1s grandes en la historia del organismo: todos los anteriores por sobre esa cifra tambi\u00e9n fueron destinados a la Argentina, desde 2018 a la fecha.<\/p>\n","protected":false},"excerpt":{"rendered":"<p>As\u00ed lo anunci\u00f3 el ministro de Econom\u00eda y candidato a presidente de la Naci\u00f3n (Uni\u00f3n por la Patria) desde Estados Unidos tras los hechos delictivos&hellip; <\/p>\n","protected":false},"author":2,"featured_media":2689,"comment_status":"open","ping_status":"open","sticky":false,"template":"","format":"standard","meta":{"footnotes":""},"categories":[13],"tags":[],"class_list":["post-2688","post","type-post","status-publish","format-standard","has-post-thumbnail","hentry","category-nacionales"],"_links":{"self":[{"href":"https:\/\/lametro989.com\/index.php?rest_route=\/wp\/v2\/posts\/2688","targetHints":{"allow":["GET"]}}],"collection":[{"href":"https:\/\/lametro989.com\/index.php?rest_route=\/wp\/v2\/posts"}],"about":[{"href":"https:\/\/lametro989.com\/index.php?rest_route=\/wp\/v2\/types\/post"}],"author":[{"embeddable":true,"href":"https:\/\/lametro989.com\/index.php?rest_route=\/wp\/v2\/users\/2"}],"replies":[{"embeddable":true,"href":"https:\/\/lametro989.com\/index.php?rest_route=%2Fwp%2Fv2%2Fcomments&post=2688"}],"version-history":[{"count":1,"href":"https:\/\/lametro989.com\/index.php?rest_route=\/wp\/v2\/posts\/2688\/revisions"}],"predecessor-version":[{"id":2690,"href":"https:\/\/lametro989.com\/index.php?rest_route=\/wp\/v2\/posts\/2688\/revisions\/2690"}],"wp:featuredmedia":[{"embeddable":true,"href":"https:\/\/lametro989.com\/index.php?rest_route=\/wp\/v2\/media\/2689"}],"wp:attachment":[{"href":"https:\/\/lametro989.com\/index.php?rest_route=%2Fwp%2Fv2%2Fmedia&parent=2688"}],"wp:term":[{"taxonomy":"category","embeddable":true,"href":"https:\/\/lametro989.com\/index.php?rest_route=%2Fwp%2Fv2%2Fcategories&post=2688"},{"taxonomy":"post_tag","embeddable":true,"href":"https:\/\/lametro989.com\/index.php?rest_route=%2Fwp%2Fv2%2Ftags&post=2688"}],"curies":[{"name":"wp","href":"https:\/\/api.w.org\/{rel}","templated":true}]}}